{"id":163339,"date":"2024-09-02T10:47:52","date_gmt":"2024-09-02T13:47:52","guid":{"rendered":"https:\/\/corrientesdetarde.com\/?p=163339"},"modified":"2024-09-02T10:48:03","modified_gmt":"2024-09-02T13:48:03","slug":"aseguran-que-la-esposa-de-anibal-lotocki-vende-joyas-mientras-el-medico-continua-en-la-carcel","status":"publish","type":"post","link":"https:\/\/corrientesdetarde.com\/index.php\/informacion-general\/aseguran-que-la-esposa-de-anibal-lotocki-vende-joyas-mientras-el-medico-continua-en-la-carcel\/","title":{"rendered":"Aseguran que la esposa de An\u00edbal Lotocki vende joyas mientras el m\u00e9dico contin\u00faa en la c\u00e1rcel"},"content":{"rendered":"\n<p>La esposa de<strong>An\u00edbal Lotocki<\/strong>, Mar\u00eda Jos\u00e9 Favar\u00f3n, volvi\u00f3 a generar debate en las redes sociales por un dato que sorprendi\u00f3 a todos. En las \u00faltimas horas, trascendi\u00f3 el recurso que estar\u00eda implementando para tener un<strong>&nbsp;ingreso econ\u00f3mico&nbsp;<\/strong>mientras el m\u00e9dico contin\u00faa en la c\u00e1rcel.<\/p>\n\n\n\n<p>Seg\u00fan inform\u00f3&nbsp;<strong>\u00c1ngel de Brito<\/strong>&nbsp;en su perfil de X (ex Twitter), la mujer actualmente vende joyas a trav\u00e9s de internet. Adem\u00e1s, el periodista de espect\u00e1culos sum\u00f3 fotos de los lujosos accesorios.<\/p>\n\n\n\n<p><strong>\u201cLa mujer de Lotocki vende joyas por las redes\u201d<\/strong>, escribi\u00f3 el conductor de&nbsp;<em>LAM (Am\u00e9rica)<\/em>&nbsp;este domingo por la noche. Tal como se puede ver en el posteo,&nbsp;<strong>Majo&nbsp;<\/strong>utilizar\u00eda sus estados de WhatsApp para comercializar pulseras, anillos y brazaletes importados.<\/p>\n\n\n\n<figure class=\"wp-block-image\"><img decoding=\"async\" src=\"https:\/\/tn.com.ar\/resizer\/v2\/angel-de-brito-aseguro-que-majo-favaron-vende-joyas-foto-twitterangeldebritook-AI5YAS3ZUFAKPNTCX4VICXGA6Y.JPG?auth=188bebacd8d38676d4d159d172be6dc9946cfc2c6d635152edcff6006232cf0f&amp;width=767\" alt=\"\u00c1ngel de Brito asegur\u00f3 que Majo Favar\u00f3n vende joyas. (Foto: Twitter\/angeldebritook)\"\/><figcaption class=\"wp-element-caption\">\u00c1ngel de Brito asegur\u00f3 que Majo Favar\u00f3n vende joyas. (Foto: Twitter\/angeldebritook)<\/figcaption><\/figure>\n\n\n\n<p><strong>\u201cSolo con se\u00f1a previa, una belleza\u201d,<\/strong>&nbsp;se puede leer en una de las fotos que Favar\u00f3n habr\u00eda compartido con sus contactos de la plataforma.&nbsp;<strong>\u201cCalidad premium\u201d<\/strong>, dice en otra de las postales donde se aprecia el producto.<\/p>\n\n\n\n<p>Por ejemplo, en una de las publicaciones se ve un anillo con diamantes que indicar\u00eda ser de la lujosa marca Cartier. En su sitio oficial, este accesorio tiene un valor aproximado de&nbsp;<strong>4 mil 950 d\u00f3lares<\/strong>. Seg\u00fan la cotizaci\u00f3n del blue al d\u00eda de hoy, su precio rondar\u00eda los&nbsp;<strong>6 millones 400 mil pesos<\/strong>.<\/p>\n\n\n\n<figure class=\"wp-block-image\"><img decoding=\"async\" src=\"https:\/\/tn.com.ar\/resizer\/v2\/uno-de-los-accesorios-que-majo-favaron-venderia-en-sus-redes-foto-twitterangeldebritook-WWIEMT57VVD3TJLOTF4XG3Q4JA.JPG?auth=54c34ae4e649b5688b979c742b0e58ac8f3517d11cccd46e9c667b74ad887dae&amp;width=767\" alt=\"Uno de los accesorios que Majo Favar\u00f3n vender\u00eda en sus redes. (Foto: Twitter\/angeldebritook)\"\/><figcaption class=\"wp-element-caption\">Uno de los accesorios que Majo Favar\u00f3n vender\u00eda en sus redes. (Foto: Twitter\/angeldebritook)<\/figcaption><\/figure>\n\n\n\n<p>\u201cQu\u00e9 cintura para los negocios\u201d, coment\u00f3 una usuaria en la publicaci\u00f3n de \u00c1ngel de Brito. \u201cJoyas manchadas de dolor, jam\u00e1s podr\u00eda usarlas\u201d, \u201cDeben de ser imitaciones hechas en China\u201d, \u201cQu\u00e9 grasa\u201d,&nbsp;<strong>\u201cNi los buenos d\u00edas le creo a esta mujer\u201d<\/strong>, \u201cNo habr\u00eda ni que comprarle un caramelo\u201d y \u201c\u00a1Son r\u00e9plicas!\u201d, fueron otras de las reacciones.<\/p>\n\n\n\n<h2 class=\"wp-block-heading\">Qu\u00e9 dijo Majo sobre los d\u00edas de An\u00edbal Lotocki en la c\u00e1rcel<\/h2>\n\n\n\n<p>Mar\u00eda Jos\u00e9 Favar\u00f3n, fue entrevistada hace dos meses en&nbsp;<em>A la tarde<\/em>&nbsp;<em>(Am\u00e9rica)<\/em>, donde habl\u00f3 sobre&nbsp;<strong>las condiciones en las que medi\u00e1tico cirujano permanece detenido<\/strong>&nbsp;en el Complejo Penitenciario N\u00b0 1 de Ezeiza.<\/p>\n\n\n\n<p>\u201cAn\u00edbal es muy fuerte mentalmente, hasta te dir\u00eda que capaz mucho m\u00e1s que yo. Ocupa mucho tiempo en estudiar, se lleva libros de la facultad al pabell\u00f3n para leer. Est\u00e1 estudiando Sociolog\u00eda y tambi\u00e9n est\u00e1 haciendo un curso de computaci\u00f3n.<strong>&nbsp;As\u00ed que se mantiene ocupado, pero se caga de fr\u00edo<\/strong>\u201d, explic\u00f3 Favar\u00f3n.<\/p>\n\n\n\n<figure class=\"wp-block-image\"><img decoding=\"async\" src=\"https:\/\/tn.com.ar\/resizer\/v2\/anibal-lotocki-esta-detenido-en-el-penal-de-ezeiza-desde-octubre-del-ano-pasado-foto-instagrammajofavaronok-NJJSR2RUTJCKTIPYTVEHZYQDOU.jpg?auth=d52c93159cf48b25a86b0d064f0d93513daca1601885c8491d978af93bf2e3a7&amp;width=767\" alt=\"An\u00edbal Lotocki est\u00e1 detenido en el penal de Ezeiza desde octubre del a\u00f1o pasado. (Foto: Instagram\/majofavaron_ok_)\"\/><figcaption class=\"wp-element-caption\">An\u00edbal Lotocki est\u00e1 detenido en el penal de Ezeiza desde octubre del a\u00f1o pasado. (Foto: Instagram\/majofavaron_ok_)<\/figcaption><\/figure>\n\n\n\n<p>Adem\u00e1s, cont\u00f3 que trata de visitarlo dos o tres veces por semana para estar atenta a cualquier necesidad que tenga Lotocki, quien est\u00e1 detenido por una investigaci\u00f3n en la que est\u00e1 imputado por lesiones graves en perjuicio de&nbsp;<strong>Pamela Sosa, Gabriela Trenchi, Stefan\u00eda Xipolitakis y Silvina Luna<\/strong>&nbsp;quien muri\u00f3 el a\u00f1o pasado.<\/p>\n\n\n\n<p>En otra entrevista realizada por la ex&nbsp;<em>Gran Hermano<\/em>,&nbsp;<strong>Martina Stewart Usher<\/strong>,Favar\u00f3n ya hab\u00eda defendido a su marido. \u201c<strong>Los jueces fallan en funci\u00f3n no de lo que dicen las leyes<\/strong>, sino por presi\u00f3n social. Realmente sucede as\u00ed\u201d, hab\u00eda se\u00f1alado.<\/p>\n","protected":false},"excerpt":{"rendered":"<p>La esposa deAn\u00edbal Lotocki, Mar\u00eda Jos\u00e9 Favar\u00f3n, volvi\u00f3 a generar debate en las redes sociales por un dato que sorprendi\u00f3 a todos. En las \u00faltimas horas, trascendi\u00f3 el recurso que&hellip; <\/p>\n","protected":false},"author":12,"featured_media":163364,"comment_status":"closed","ping_status":"open","sticky":false,"template":"","format":"standard","meta":{"footnotes":""},"categories":[1],"tags":[],"class_list":["post-163339","post","type-post","status-publish","format-standard","has-post-thumbnail","hentry","category-informacion-general"],"_links":{"self":[{"href":"https:\/\/corrientesdetarde.com\/index.php\/wp-json\/wp\/v2\/posts\/163339","targetHints":{"allow":["GET"]}}],"collection":[{"href":"https:\/\/corrientesdetarde.com\/index.php\/wp-json\/wp\/v2\/posts"}],"about":[{"href":"https:\/\/corrientesdetarde.com\/index.php\/wp-json\/wp\/v2\/types\/post"}],"author":[{"embeddable":true,"href":"https:\/\/corrientesdetarde.com\/index.php\/wp-json\/wp\/v2\/users\/12"}],"replies":[{"embeddable":true,"href":"https:\/\/corrientesdetarde.com\/index.php\/wp-json\/wp\/v2\/comments?post=163339"}],"version-history":[{"count":1,"href":"https:\/\/corrientesdetarde.com\/index.php\/wp-json\/wp\/v2\/posts\/163339\/revisions"}],"predecessor-version":[{"id":163365,"href":"https:\/\/corrientesdetarde.com\/index.php\/wp-json\/wp\/v2\/posts\/163339\/revisions\/163365"}],"wp:featuredmedia":[{"embeddable":true,"href":"https:\/\/corrientesdetarde.com\/index.php\/wp-json\/wp\/v2\/media\/163364"}],"wp:attachment":[{"href":"https:\/\/corrientesdetarde.com\/index.php\/wp-json\/wp\/v2\/media?parent=163339"}],"wp:term":[{"taxonomy":"category","embeddable":true,"href":"https:\/\/corrientesdetarde.com\/index.php\/wp-json\/wp\/v2\/categories?post=163339"},{"taxonomy":"post_tag","embeddable":true,"href":"https:\/\/corrientesdetarde.com\/index.php\/wp-json\/wp\/v2\/tags?post=163339"}],"curies":[{"name":"wp","href":"https:\/\/api.w.org\/{rel}","templated":true}]}}