{"id":163340,"date":"2024-09-02T10:14:13","date_gmt":"2024-09-02T13:14:13","guid":{"rendered":"https:\/\/corrientesdetarde.com\/?p=163340"},"modified":"2024-09-02T10:14:24","modified_gmt":"2024-09-02T13:14:24","slug":"el-gobernador-entregara-vehiculos-a-guardaparques-y-equipamiento-a-hospitales","status":"publish","type":"post","link":"https:\/\/corrientesdetarde.com\/index.php\/informacion-general\/el-gobernador-entregara-vehiculos-a-guardaparques-y-equipamiento-a-hospitales\/","title":{"rendered":"El Gobernador entregar\u00e1 veh\u00edculos a guardaparques y equipamiento a hospitales"},"content":{"rendered":"\n<p><strong>Gustavo Vald\u00e9s encabezar\u00e1, en el d\u00eda de la fecha, una entrega de equipamiento para hospitales y CAPS de la provincia, en el Hospital de Campa\u00f1a de Capital. La misma se realizar\u00e1 a las 10.&nbsp;<\/strong><\/p>\n\n\n\n<p>Posteriormente, a las 11.30, se trasladar\u00e1 hasta la Seccional de Guardaparques de San Cayetano, donde se adjudicar\u00e1 a la instituci\u00f3n de camionetas, lanchas, cuatriciclos, UTV 4&#215;4 y uniformes para la misma.<\/p>\n","protected":false},"excerpt":{"rendered":"<p>Gustavo Vald\u00e9s encabezar\u00e1, en el d\u00eda de la fecha, una entrega de equipamiento para hospitales y CAPS de la provincia, en el Hospital de Campa\u00f1a de Capital. La misma se&hellip; <\/p>\n","protected":false},"author":12,"featured_media":38981,"comment_status":"closed","ping_status":"open","sticky":false,"template":"","format":"standard","meta":{"footnotes":""},"categories":[1],"tags":[],"class_list":["post-163340","post","type-post","status-publish","format-standard","has-post-thumbnail","hentry","category-informacion-general"],"_links":{"self":[{"href":"https:\/\/corrientesdetarde.com\/index.php\/wp-json\/wp\/v2\/posts\/163340","targetHints":{"allow":["GET"]}}],"collection":[{"href":"https:\/\/corrientesdetarde.com\/index.php\/wp-json\/wp\/v2\/posts"}],"about":[{"href":"https:\/\/corrientesdetarde.com\/index.php\/wp-json\/wp\/v2\/types\/post"}],"author":[{"embeddable":true,"href":"https:\/\/corrientesdetarde.com\/index.php\/wp-json\/wp\/v2\/users\/12"}],"replies":[{"embeddable":true,"href":"https:\/\/corrientesdetarde.com\/index.php\/wp-json\/wp\/v2\/comments?post=163340"}],"version-history":[{"count":1,"href":"https:\/\/corrientesdetarde.com\/index.php\/wp-json\/wp\/v2\/posts\/163340\/revisions"}],"predecessor-version":[{"id":163349,"href":"https:\/\/corrientesdetarde.com\/index.php\/wp-json\/wp\/v2\/posts\/163340\/revisions\/163349"}],"wp:featuredmedia":[{"embeddable":true,"href":"https:\/\/corrientesdetarde.com\/index.php\/wp-json\/wp\/v2\/media\/38981"}],"wp:attachment":[{"href":"https:\/\/corrientesdetarde.com\/index.php\/wp-json\/wp\/v2\/media?parent=163340"}],"wp:term":[{"taxonomy":"category","embeddable":true,"href":"https:\/\/corrientesdetarde.com\/index.php\/wp-json\/wp\/v2\/categories?post=163340"},{"taxonomy":"post_tag","embeddable":true,"href":"https:\/\/corrientesdetarde.com\/index.php\/wp-json\/wp\/v2\/tags?post=163340"}],"curies":[{"name":"wp","href":"https:\/\/api.w.org\/{rel}","templated":true}]}}