{"id":163342,"date":"2024-09-02T10:18:03","date_gmt":"2024-09-02T13:18:03","guid":{"rendered":"https:\/\/corrientesdetarde.com\/?p=163342"},"modified":"2024-09-02T10:18:07","modified_gmt":"2024-09-02T13:18:07","slug":"caso-kizckaesta-todo-en-materia-de-investigacion-los-dos-estan-imputados","status":"publish","type":"post","link":"https:\/\/corrientesdetarde.com\/index.php\/policiales\/caso-kizckaesta-todo-en-materia-de-investigacion-los-dos-estan-imputados\/","title":{"rendered":"Caso Kizcka:&#8221;Est\u00e1 todo en materia de investigaci\u00f3n, los dos est\u00e1n imputados&#8221;"},"content":{"rendered":"\n<p><strong>Desde FM Mas 103.5 Mhz en Ap\u00f3stoles el periodista Mario Quiroz brind\u00f3 un informe a  sobre c\u00f3mo se vivi\u00f3 la \u00faltima semana en esa localidad misionera donde hasta anoche se manten\u00edan detenidos los hermanos Kizcka antes de ser trasladados a Cerro Azul.&#8221;Ayer fueron trasladados,el Juez aduce una cuesti\u00f3n de seguridad&#8221;,dijo.<\/strong><\/p>\n\n\n\n<p>&#8220;El Jefe de la Fuerza provincial Comisario Martinez decidi\u00f3 nombrar un nuevo Jefe en la Comisar\u00eda de Ap\u00f3stoles&#8221;,afirm\u00f3.<\/p>\n","protected":false},"excerpt":{"rendered":"<p>Desde FM Mas 103.5 Mhz en Ap\u00f3stoles el periodista Mario Quiroz brind\u00f3 un informe a sobre c\u00f3mo se vivi\u00f3 la \u00faltima semana en esa localidad misionera donde hasta anoche se&hellip; <\/p>\n","protected":false},"author":12,"featured_media":163354,"comment_status":"closed","ping_status":"open","sticky":false,"template":"","format":"standard","meta":{"footnotes":""},"categories":[33],"tags":[],"class_list":["post-163342","post","type-post","status-publish","format-standard","has-post-thumbnail","hentry","category-policiales"],"_links":{"self":[{"href":"https:\/\/corrientesdetarde.com\/index.php\/wp-json\/wp\/v2\/posts\/163342","targetHints":{"allow":["GET"]}}],"collection":[{"href":"https:\/\/corrientesdetarde.com\/index.php\/wp-json\/wp\/v2\/posts"}],"about":[{"href":"https:\/\/corrientesdetarde.com\/index.php\/wp-json\/wp\/v2\/types\/post"}],"author":[{"embeddable":true,"href":"https:\/\/corrientesdetarde.com\/index.php\/wp-json\/wp\/v2\/users\/12"}],"replies":[{"embeddable":true,"href":"https:\/\/corrientesdetarde.com\/index.php\/wp-json\/wp\/v2\/comments?post=163342"}],"version-history":[{"count":1,"href":"https:\/\/corrientesdetarde.com\/index.php\/wp-json\/wp\/v2\/posts\/163342\/revisions"}],"predecessor-version":[{"id":163355,"href":"https:\/\/corrientesdetarde.com\/index.php\/wp-json\/wp\/v2\/posts\/163342\/revisions\/163355"}],"wp:featuredmedia":[{"embeddable":true,"href":"https:\/\/corrientesdetarde.com\/index.php\/wp-json\/wp\/v2\/media\/163354"}],"wp:attachment":[{"href":"https:\/\/corrientesdetarde.com\/index.php\/wp-json\/wp\/v2\/media?parent=163342"}],"wp:term":[{"taxonomy":"category","embeddable":true,"href":"https:\/\/corrientesdetarde.com\/index.php\/wp-json\/wp\/v2\/categories?post=163342"},{"taxonomy":"post_tag","embeddable":true,"href":"https:\/\/corrientesdetarde.com\/index.php\/wp-json\/wp\/v2\/tags?post=163342"}],"curies":[{"name":"wp","href":"https:\/\/api.w.org\/{rel}","templated":true}]}}