{"id":163346,"date":"2024-09-02T10:59:15","date_gmt":"2024-09-02T13:59:15","guid":{"rendered":"https:\/\/corrientesdetarde.com\/?p=163346"},"modified":"2024-09-02T10:59:18","modified_gmt":"2024-09-02T13:59:18","slug":"la-justicia-de-israel-ordeno-el-fin-de-huelga-contra-el-gobierno-de-netanyahu","status":"publish","type":"post","link":"https:\/\/corrientesdetarde.com\/index.php\/internacionales\/la-justicia-de-israel-ordeno-el-fin-de-huelga-contra-el-gobierno-de-netanyahu\/","title":{"rendered":"La Justicia de Israel orden\u00f3 el fin de huelga contra el Gobierno de Netanyahu"},"content":{"rendered":"\n<p>Se da luego de jornadas tensas en Israel y la convocatoria a una huelga general para exigirle a Benjam\u00edn Netanyahu un acuerdo con Ham\u00e1s tras el asesinato de seis nuevos rehenes por los terroristas.<\/p>\n\n\n\n<p>El tribunal laboral de\u00a0<strong>Israel\u00a0<\/strong>orden\u00f3\u00a0poner fin a la huelga general mientras miles manifestantes marchan contra<strong>\u00a0Benjam\u00edn Netanyahu<\/strong>\u00a0para que acuerde con\u00a0<strong>Ham\u00e1s<\/strong>. Las protestas comenzaron luego de que se recuperaran los cuerpos de seis rehenes asesinados por los terroristas.<\/p>\n\n\n\n<p>El motivo de la orden judicial radica en que la consideraron intr\u00ednsecamente pol\u00edtica y no una manifestaci\u00f3n causada por un&nbsp;&#8220;conflicto laboral colectivo&#8221;. La convocatoria, fue realizada por la central sindical Histadrut, que cuenta con facciones socialdem\u00f3cratas y socialistas, liderada por&nbsp;Arnon Bar-David, un ferviente opositor al partido Likud que lidera&nbsp;<strong>Benjam\u00edn Netanyahu<\/strong>.<\/p>\n\n\n\n<p>La orden del juzgado de Tel Aviv fue emitida a las 14.30 de&nbsp;<strong>Israel&nbsp;<\/strong>(8.30 de Argentina), tras media jornada de una huelga general a la que se sumaron distintos sectores de la econom\u00eda y algunas universidades. Esta, fue la primera huelga general convocada contra el Gobierno de&nbsp;<strong>Benjam\u00edn Netanyahu<\/strong>, quien no solo enfrenta la amenaza del terrorismo de&nbsp;<strong>Ham\u00e1s&nbsp;<\/strong>y Hezbollah, sino tambi\u00e9n conflictos internos.<\/p>\n\n\n\n<p>Seg\u00fan hab\u00eda notificado la central obrera de Israel, la huelga sindical iba a terminar en torno a las 18 y fue convocada para reclamar un alto el fuego y un acuerdo para la recuperaci\u00f3n de rehenes. Cabe se\u00f1alar que&nbsp;<strong>Benjam\u00edn Netanyahu<\/strong>&nbsp;se mantiene reticente a terminar con el avance militar y contin\u00faa avanzando no solo sobre le Franja de Gaza, sino tambi\u00e9n sobre L\u00edbano, donde apunta contra el grupo terrorista Hezbollah.<\/p>\n","protected":false},"excerpt":{"rendered":"<p>Se da luego de jornadas tensas en Israel y la convocatoria a una huelga general para exigirle a Benjam\u00edn Netanyahu un acuerdo con Ham\u00e1s tras el asesinato de seis nuevos&hellip; <\/p>\n","protected":false},"author":12,"featured_media":163368,"comment_status":"closed","ping_status":"open","sticky":false,"template":"","format":"standard","meta":{"footnotes":""},"categories":[11],"tags":[],"class_list":["post-163346","post","type-post","status-publish","format-standard","has-post-thumbnail","hentry","category-internacionales"],"_links":{"self":[{"href":"https:\/\/corrientesdetarde.com\/index.php\/wp-json\/wp\/v2\/posts\/163346","targetHints":{"allow":["GET"]}}],"collection":[{"href":"https:\/\/corrientesdetarde.com\/index.php\/wp-json\/wp\/v2\/posts"}],"about":[{"href":"https:\/\/corrientesdetarde.com\/index.php\/wp-json\/wp\/v2\/types\/post"}],"author":[{"embeddable":true,"href":"https:\/\/corrientesdetarde.com\/index.php\/wp-json\/wp\/v2\/users\/12"}],"replies":[{"embeddable":true,"href":"https:\/\/corrientesdetarde.com\/index.php\/wp-json\/wp\/v2\/comments?post=163346"}],"version-history":[{"count":1,"href":"https:\/\/corrientesdetarde.com\/index.php\/wp-json\/wp\/v2\/posts\/163346\/revisions"}],"predecessor-version":[{"id":163369,"href":"https:\/\/corrientesdetarde.com\/index.php\/wp-json\/wp\/v2\/posts\/163346\/revisions\/163369"}],"wp:featuredmedia":[{"embeddable":true,"href":"https:\/\/corrientesdetarde.com\/index.php\/wp-json\/wp\/v2\/media\/163368"}],"wp:attachment":[{"href":"https:\/\/corrientesdetarde.com\/index.php\/wp-json\/wp\/v2\/media?parent=163346"}],"wp:term":[{"taxonomy":"category","embeddable":true,"href":"https:\/\/corrientesdetarde.com\/index.php\/wp-json\/wp\/v2\/categories?post=163346"},{"taxonomy":"post_tag","embeddable":true,"href":"https:\/\/corrientesdetarde.com\/index.php\/wp-json\/wp\/v2\/tags?post=163346"}],"curies":[{"name":"wp","href":"https:\/\/api.w.org\/{rel}","templated":true}]}}