{"id":163358,"date":"2024-09-02T11:05:40","date_gmt":"2024-09-02T14:05:40","guid":{"rendered":"https:\/\/corrientesdetarde.com\/?p=163358"},"modified":"2024-09-02T11:05:52","modified_gmt":"2024-09-02T14:05:52","slug":"veronica-llinas-se-refirio-al-tema-de-alberto-fernandez-y-dio-una-contundente-opinion-se-estan-tapando","status":"publish","type":"post","link":"https:\/\/corrientesdetarde.com\/index.php\/espectaculos\/veronica-llinas-se-refirio-al-tema-de-alberto-fernandez-y-dio-una-contundente-opinion-se-estan-tapando\/","title":{"rendered":"Ver\u00f3nica Llin\u00e1s se refiri\u00f3 al tema de Alberto Fern\u00e1ndez y dio una contundente opini\u00f3n: &#8220;Se est\u00e1n tapando&#8230;&#8221;"},"content":{"rendered":"\n<p>La actriz estuvo presente en el ciclo que conduce Juana Viale por Eltrece y habl\u00f3 sobre la pol\u00e9mica que enfrenta el expresidente. Mir\u00e1 lo que dijo.<a href=\"https:\/\/web.whatsapp.com\/send?text=viste%20esto?%20https:\/\/www.mdzol.com\/mdz-show\/2024\/9\/2\/veronica-llinas-se-refirio-al-tema-de-alberto-fernandez-dio-una-contundente-opinion-se-estan-tapando-1148955.html\" target=\"_blank\" rel=\"noreferrer noopener\"><\/a>\u00a0<\/p>\n\n\n\n<p>El pasado domingo 1 de septiembre,\u00a0<strong>Juana Viale<\/strong>\u00a0recibi\u00f3 en su programa a:\u00a0<strong>Ver\u00f3nica Llin\u00e1s<\/strong>;\u00a0Adriana Brodsky;\u00a0Andrea Frigerio; y\u00a0Camila Dolabjian. Uno de los temas que no se pas\u00f3 por alto en &#8220;la mesaza&#8221; fue el esc\u00e1ndalo de\u00a0<strong>Alberto Fern\u00e1ndez<\/strong>\u00a0por la denuncia de Fabiola Y\u00e1\u00f1ez y los pol\u00e9micos videos en la Casa Rosada con Tamara Pettinato.<\/p>\n\n\n\n<p>Al respecto, Llin\u00e1s sin pelos en la lengua, opin\u00f3: &#8220;Me parece p\u00e9simo lo que hizo Alberto. Fui la primera en sacar un tuit diciendo todo lo que pensaba de \u00e9l&#8221;.<\/p>\n\n\n\n<figure class=\"wp-block-image\"><img decoding=\"async\" src=\"https:\/\/www.mdzol.com\/u\/fotografias\/m\/2024\/9\/2\/f768x1-1644989_1645116_5050.jpg\" alt=\"\"\/><figcaption class=\"wp-element-caption\">La actriz fue una de las invitadas al programa que conduce Juana Viale por Eltrece. Cr\u00e9ditos: captura de pantalla Youtube Eltrece.<\/figcaption><\/figure>\n\n\n\n<p>Y agreg\u00f3: &#8220;Pero que se perpet\u00fae tanto en el tiempo hablar de eso y volver, y los medios en primera plana que &#8216;el ojo de Fabiola&#8217;, que si esto&#8230; yo creo que se est\u00e1n tapando un mont\u00f3n de otras cosas que son much\u00edsimo m\u00e1s importantes&#8221;.<\/p>\n\n\n\n<p>En ese momento, Frigerio interrumpi\u00f3 a la actriz de&nbsp;<em>Ant\u00edgona en el ba\u00f1o<\/em>&nbsp;y la apoy\u00f3: &#8220;Coincido al 100%. Yo creo que tiene que ver con el rating. Cuando algo tiene rating lo dejan, vuelven, van y vienen&#8221;.<\/p>\n\n\n\n<h2 class=\"wp-block-heading\">Esto fue lo que dijo Ver\u00f3nica Llin\u00e1s en&nbsp;<em>Almorzando con Juana<\/em>&nbsp;sobre el esc\u00e1ndalo de Alberto Fern\u00e1ndez<\/h2>\n\n\n\n<figure class=\"wp-block-image\"><img decoding=\"async\" src=\"https:\/\/content.jwplatform.com\/thumbs\/bubob1Lq-720.jpg\" alt=\"Loading video\"\/><\/figure>\n\n\n\n<p>&#8220;No, bueno, pero es un expresidente&#8221;, acot\u00f3\u00a0<strong>Juana Viale<\/strong>.\u00a0<\/p>\n\n\n\n<ul class=\"wp-block-list\"><\/ul>\n\n\n\n<p>&#8220;Lo peor es que los viejos se est\u00e1n muriendo, medio que pasa como al final. La gente que no llega a fin de mes, que no puede comprarse los remedios y entonces que tiene que tomar la mitad de la medicaci\u00f3n, por ah\u00ed palma. Estamos hablando de gente que se muere, y de eso no se habla. O sea, se habla menos que del moret\u00f3n de Fabiola&#8221;, expres\u00f3&nbsp;<strong>Ver\u00f3nica Llin\u00e1s<\/strong>.<\/p>\n","protected":false},"excerpt":{"rendered":"<p>La actriz estuvo presente en el ciclo que conduce Juana Viale por Eltrece y habl\u00f3 sobre la pol\u00e9mica que enfrenta el expresidente. Mir\u00e1 lo que dijo.\u00a0 El pasado domingo 1&hellip; <\/p>\n","protected":false},"author":12,"featured_media":163374,"comment_status":"closed","ping_status":"open","sticky":false,"template":"","format":"standard","meta":{"footnotes":""},"categories":[19],"tags":[],"class_list":["post-163358","post","type-post","status-publish","format-standard","has-post-thumbnail","hentry","category-espectaculos"],"_links":{"self":[{"href":"https:\/\/corrientesdetarde.com\/index.php\/wp-json\/wp\/v2\/posts\/163358","targetHints":{"allow":["GET"]}}],"collection":[{"href":"https:\/\/corrientesdetarde.com\/index.php\/wp-json\/wp\/v2\/posts"}],"about":[{"href":"https:\/\/corrientesdetarde.com\/index.php\/wp-json\/wp\/v2\/types\/post"}],"author":[{"embeddable":true,"href":"https:\/\/corrientesdetarde.com\/index.php\/wp-json\/wp\/v2\/users\/12"}],"replies":[{"embeddable":true,"href":"https:\/\/corrientesdetarde.com\/index.php\/wp-json\/wp\/v2\/comments?post=163358"}],"version-history":[{"count":1,"href":"https:\/\/corrientesdetarde.com\/index.php\/wp-json\/wp\/v2\/posts\/163358\/revisions"}],"predecessor-version":[{"id":163375,"href":"https:\/\/corrientesdetarde.com\/index.php\/wp-json\/wp\/v2\/posts\/163358\/revisions\/163375"}],"wp:featuredmedia":[{"embeddable":true,"href":"https:\/\/corrientesdetarde.com\/index.php\/wp-json\/wp\/v2\/media\/163374"}],"wp:attachment":[{"href":"https:\/\/corrientesdetarde.com\/index.php\/wp-json\/wp\/v2\/media?parent=163358"}],"wp:term":[{"taxonomy":"category","embeddable":true,"href":"https:\/\/corrientesdetarde.com\/index.php\/wp-json\/wp\/v2\/categories?post=163358"},{"taxonomy":"post_tag","embeddable":true,"href":"https:\/\/corrientesdetarde.com\/index.php\/wp-json\/wp\/v2\/tags?post=163358"}],"curies":[{"name":"wp","href":"https:\/\/api.w.org\/{rel}","templated":true}]}}