{"id":163359,"date":"2024-09-02T11:02:00","date_gmt":"2024-09-02T14:02:00","guid":{"rendered":"https:\/\/corrientesdetarde.com\/?p=163359"},"modified":"2024-09-02T11:02:04","modified_gmt":"2024-09-02T14:02:04","slug":"la-insolita-frase-de-fernando-alonso-al-enterarse-de-que-colapinto-termino-atras-suyo-en-monza-lo-hubiera","status":"publish","type":"post","link":"https:\/\/corrientesdetarde.com\/index.php\/deportes\/la-insolita-frase-de-fernando-alonso-al-enterarse-de-que-colapinto-termino-atras-suyo-en-monza-lo-hubiera\/","title":{"rendered":"La ins\u00f3lita frase de Fernando Alonso al enterarse de que Colapinto termin\u00f3 atr\u00e1s suyo en Monza: \u201cLo hubiera\u2026\u201d"},"content":{"rendered":"\n<p><a target=\"_blank\" rel=\"noreferrer noopener\" href=\"https:\/\/web.whatsapp.com\/send?text=viste%20esto?%20https:\/\/www.mdzol.com\/deportes\/2024\/9\/2\/la-insolita-frase-de-fernando-alonso-al-enterarse-de-que-colapinto-termino-atras-suyo-en-monza-lo-hubiera-1148971.html\"><\/a>&nbsp;<\/p>\n\n\n\n<p><strong>Fernando Alonso<\/strong>\u00a0fue un pilar importante en el crecimiento deportivo de\u00a0<strong>Franco Colapinto<\/strong>. Es que el argentino comenz\u00f3 su escalera hacia la<strong>\u00a0F\u00f3rmula 1\u00a0<\/strong>compitiendo en la F\u00f3rmula 4 Espa\u00f1ola con el equipo de asturiano y a partir de ese momento no dej\u00f3 de sorprender por su gran talento.\u00a0<\/p>\n\n\n\n<h2 class=\"wp-block-heading\">Mir\u00e1 el video<\/h2>\n\n\n\n<figure class=\"wp-block-image\"><img decoding=\"async\" src=\"https:\/\/content.jwplatform.com\/thumbs\/ZGaXaaLf-720.jpg\" alt=\"Loading video\"\/><\/figure>\n\n\n\n<p>Luego de concluida la competencia, Alonso fue consultado sobre el debut de Franco y lanz\u00f3 una desopilante frase cuando se enter\u00f3 que hab\u00eda terminado detr\u00e1s suyo. &#8220;No sab\u00eda que hab\u00eda quedado detr\u00e1s, sino lo dejaba pasar, para que quedase adelante. Porque total, sin puntos, me daba igual&#8221;, lanz\u00f3 entre risas.<\/p>\n\n\n\n<p>Despu\u00e9s, lo elogi\u00f3: &#8220;Hizo una muy buena carrera, sin errores habl\u00e9 con \u00e9l en parque cerrado. Tuvo alg\u00fan dolor en la espalda por el asiento porque fue la primera vez que se subi\u00f3 a un coche por dos horas a un ritmo fuerte&#8221;.<\/p>\n\n\n\n<p>&#8220;Que se prepare bien en las pr\u00f3ximas semanas, que tenga un poco m\u00e1s de&nbsp;tiempo y que ajuste ese asiento porque Singapur (el 22 de septiembre) no es tan f\u00e1cil como Monza, que tienes tanto tiempo para descansar. As\u00ed que tiene estas semanas para poner todo en su sitio&#8221;, asegur\u00f3 el dos veces campe\u00f3n del mundo.<\/p>\n\n\n\n<p>Antes de competir en Marina Bay, la F\u00f3rmula 1 disputar\u00e1 el Gran Premio de Azerbaiy\u00e1n en el Circuito callejero de Bak\u00fa. Ser\u00e1&nbsp;el domingo 15 de septiembre desde&nbsp;las 8 de nuestro pa\u00eds.<\/p>\n","protected":false},"excerpt":{"rendered":"<p>&nbsp; Fernando Alonso\u00a0fue un pilar importante en el crecimiento deportivo de\u00a0Franco Colapinto. Es que el argentino comenz\u00f3 su escalera hacia la\u00a0F\u00f3rmula 1\u00a0compitiendo en la F\u00f3rmula 4 Espa\u00f1ola con el equipo&hellip; <\/p>\n","protected":false},"author":12,"featured_media":163370,"comment_status":"closed","ping_status":"open","sticky":false,"template":"","format":"standard","meta":{"footnotes":""},"categories":[4],"tags":[],"class_list":["post-163359","post","type-post","status-publish","format-standard","has-post-thumbnail","hentry","category-deportes"],"_links":{"self":[{"href":"https:\/\/corrientesdetarde.com\/index.php\/wp-json\/wp\/v2\/posts\/163359","targetHints":{"allow":["GET"]}}],"collection":[{"href":"https:\/\/corrientesdetarde.com\/index.php\/wp-json\/wp\/v2\/posts"}],"about":[{"href":"https:\/\/corrientesdetarde.com\/index.php\/wp-json\/wp\/v2\/types\/post"}],"author":[{"embeddable":true,"href":"https:\/\/corrientesdetarde.com\/index.php\/wp-json\/wp\/v2\/users\/12"}],"replies":[{"embeddable":true,"href":"https:\/\/corrientesdetarde.com\/index.php\/wp-json\/wp\/v2\/comments?post=163359"}],"version-history":[{"count":1,"href":"https:\/\/corrientesdetarde.com\/index.php\/wp-json\/wp\/v2\/posts\/163359\/revisions"}],"predecessor-version":[{"id":163371,"href":"https:\/\/corrientesdetarde.com\/index.php\/wp-json\/wp\/v2\/posts\/163359\/revisions\/163371"}],"wp:featuredmedia":[{"embeddable":true,"href":"https:\/\/corrientesdetarde.com\/index.php\/wp-json\/wp\/v2\/media\/163370"}],"wp:attachment":[{"href":"https:\/\/corrientesdetarde.com\/index.php\/wp-json\/wp\/v2\/media?parent=163359"}],"wp:term":[{"taxonomy":"category","embeddable":true,"href":"https:\/\/corrientesdetarde.com\/index.php\/wp-json\/wp\/v2\/categories?post=163359"},{"taxonomy":"post_tag","embeddable":true,"href":"https:\/\/corrientesdetarde.com\/index.php\/wp-json\/wp\/v2\/tags?post=163359"}],"curies":[{"name":"wp","href":"https:\/\/api.w.org\/{rel}","templated":true}]}}