{"id":163360,"date":"2024-09-02T11:03:17","date_gmt":"2024-09-02T14:03:17","guid":{"rendered":"https:\/\/corrientesdetarde.com\/?p=163360"},"modified":"2024-09-02T11:03:28","modified_gmt":"2024-09-02T14:03:28","slug":"la-causa-de-violencia-de-genero-contra-alberto-fernandez-se-queda-en-comodoro-py","status":"publish","type":"post","link":"https:\/\/corrientesdetarde.com\/index.php\/politica\/la-causa-de-violencia-de-genero-contra-alberto-fernandez-se-queda-en-comodoro-py\/","title":{"rendered":"La causa de violencia de g\u00e9nero contra Alberto Fern\u00e1ndez se queda en Comodoro Py"},"content":{"rendered":"\n<p><a target=\"_blank\" rel=\"noreferrer noopener\" href=\"https:\/\/web.whatsapp.com\/send?text=viste%20esto?%20https:\/\/www.mdzol.com\/politica\/2024\/9\/2\/la-causa-de-violencia-de-genero-contra-alberto-fernandez-se-queda-en-comodoro-py-1149021.html\"><\/a>&nbsp;<\/p>\n\n\n\n<p>La C\u00e1mara Federal porte\u00f1a confirm\u00f3 que la causa&nbsp;por violencia de g\u00e9nero contra el expresidente&nbsp;Alberto Fern\u00e1ndez,&nbsp;iniciada por la ex primera dama Fabiola Ya\u00f1ez,&nbsp;deber\u00e1 seguir radicada en los tribunales federales de Retiro.<\/p>\n\n\n\n<p>La resoluci\u00f3n fue firmada por el camarista&nbsp;Eduardo Farah&nbsp;de la sala II de ese Tribunal de Apelaciones.&nbsp;Con esta decisi\u00f3n la investigaci\u00f3n seguir\u00e1 a cargo del juez federal&nbsp;Juli\u00e1n Ercolini&nbsp;y del fiscal&nbsp;Ramiro Gonz\u00e1lez&nbsp;y no pasar\u00e1 a los tribunales de San Isidro, como pretend\u00eda la defensa del expresidente.<\/p>\n\n\n\n<p>El camarista le dio la raz\u00f3n a Ercolini y consider\u00f3&nbsp;&#8220;prematuro&#8221; el cambio de jurisdicci\u00f3n, al menos hasta que concluyan medidas de prueba en curso que permitan determinar adem\u00e1s si el caso es jurisdicci\u00f3n del fuero federal o del ordinario.<\/p>\n","protected":false},"excerpt":{"rendered":"<p>&nbsp; La C\u00e1mara Federal porte\u00f1a confirm\u00f3 que la causa&nbsp;por violencia de g\u00e9nero contra el expresidente&nbsp;Alberto Fern\u00e1ndez,&nbsp;iniciada por la ex primera dama Fabiola Ya\u00f1ez,&nbsp;deber\u00e1 seguir radicada en los tribunales federales de&hellip; <\/p>\n","protected":false},"author":12,"featured_media":163372,"comment_status":"closed","ping_status":"open","sticky":false,"template":"","format":"standard","meta":{"footnotes":""},"categories":[3],"tags":[],"class_list":["post-163360","post","type-post","status-publish","format-standard","has-post-thumbnail","hentry","category-politica"],"_links":{"self":[{"href":"https:\/\/corrientesdetarde.com\/index.php\/wp-json\/wp\/v2\/posts\/163360","targetHints":{"allow":["GET"]}}],"collection":[{"href":"https:\/\/corrientesdetarde.com\/index.php\/wp-json\/wp\/v2\/posts"}],"about":[{"href":"https:\/\/corrientesdetarde.com\/index.php\/wp-json\/wp\/v2\/types\/post"}],"author":[{"embeddable":true,"href":"https:\/\/corrientesdetarde.com\/index.php\/wp-json\/wp\/v2\/users\/12"}],"replies":[{"embeddable":true,"href":"https:\/\/corrientesdetarde.com\/index.php\/wp-json\/wp\/v2\/comments?post=163360"}],"version-history":[{"count":1,"href":"https:\/\/corrientesdetarde.com\/index.php\/wp-json\/wp\/v2\/posts\/163360\/revisions"}],"predecessor-version":[{"id":163373,"href":"https:\/\/corrientesdetarde.com\/index.php\/wp-json\/wp\/v2\/posts\/163360\/revisions\/163373"}],"wp:featuredmedia":[{"embeddable":true,"href":"https:\/\/corrientesdetarde.com\/index.php\/wp-json\/wp\/v2\/media\/163372"}],"wp:attachment":[{"href":"https:\/\/corrientesdetarde.com\/index.php\/wp-json\/wp\/v2\/media?parent=163360"}],"wp:term":[{"taxonomy":"category","embeddable":true,"href":"https:\/\/corrientesdetarde.com\/index.php\/wp-json\/wp\/v2\/categories?post=163360"},{"taxonomy":"post_tag","embeddable":true,"href":"https:\/\/corrientesdetarde.com\/index.php\/wp-json\/wp\/v2\/tags?post=163360"}],"curies":[{"name":"wp","href":"https:\/\/api.w.org\/{rel}","templated":true}]}}