{"id":163361,"date":"2024-09-02T10:43:46","date_gmt":"2024-09-02T13:43:46","guid":{"rendered":"https:\/\/corrientesdetarde.com\/?p=163361"},"modified":"2024-09-02T10:43:58","modified_gmt":"2024-09-02T13:43:58","slug":"igualitas-la-joaqui-y-sus-hijas-con-look-total-denim-en-la-primera-fila-del-desfile-de-pucheta-paz","status":"publish","type":"post","link":"https:\/\/corrientesdetarde.com\/index.php\/espectaculos\/igualitas-la-joaqui-y-sus-hijas-con-look-total-denim-en-la-primera-fila-del-desfile-de-pucheta-paz\/","title":{"rendered":"Igualitas: La Joaqui y sus hijas con look total denim en la primera fila del desfile de Pucheta Paz"},"content":{"rendered":"\n<p>El viernes por la noche fue el desfile de<strong>&nbsp;Pucheta Paz<\/strong>&nbsp;enel Centro Audiovisual Inmersivo. Muchas celebridades estuvieron presente en la presentaci\u00f3n de la primera colecci\u00f3n creada como dupla creativa:<strong>&nbsp;Impenetrable<\/strong>. La misma est\u00e1 inspirada en los&nbsp;<strong>campos de algod\u00f3n de la provincia de Chaco<\/strong>, donde el ADN es el hilo conductor que conecta con el pasado y proyecta hacia lo desconocido.<\/p>\n\n\n\n<p><strong>La Joaqui\u00a0<\/strong>asisit\u00f3 al evento junto a sus dos hijas y sorprendi\u00f3 a todos con su elecci\u00f3n\u00a0<em>fashionista<\/em>:<strong>\u00a0el total denim<\/strong>. La cantante se visti\u00f3 a juego con las nenas y caus\u00f3 sensaci\u00f3n.<\/p>\n\n\n\n<h2 class=\"wp-block-heading\">La Joaqui en demin by Pucheta<\/h2>\n\n\n\n<p>La artista pos\u00f3 para las fotos con un conjunto de dos piezas confeccionado enteramente en<strong>&nbsp;denim azul<\/strong>. Para la parte de arriba, eligi\u00f3 un<em><strong>crop top<\/strong><\/em><strong>&nbsp;estilo corset con breteles en forma de cintur\u00f3n y aberturas con tiras entrecruzadas<\/strong>&nbsp;en la zona de los laterales. Para la parte de abajo, en tanto, opt\u00f3 por llevar un&nbsp;<strong>maxipantal\u00f3n de tiro bien bajo con frunces en las piernas y cinturones colgando<\/strong>.<\/p>\n\n\n\n<figure class=\"wp-block-image\"><img decoding=\"async\" src=\"https:\/\/tn.com.ar\/resizer\/v2\/la-joaqui-aposto-al-denim-foto-movilpress-Y3EYHFKD2ZE4VIRDFSXLM7XVEE.JPG?auth=cd18b665b474b510e09701241de9ad6ae2def247ba882a2def062515b3cb4094&amp;width=767\" alt=\"La Joaqui apost\u00f3 al denim. (Foto: Movilpress).\"\/><figcaption class=\"wp-element-caption\">La Joaqui apost\u00f3 al denim. (Foto: Movilpress).<\/figcaption><\/figure>\n\n\n\n<p>En otra de las im\u00e1genes, se mostr\u00f3 junto sus dos peque\u00f1as hijas,&nbsp;<strong>Shaina&nbsp;<\/strong>y&nbsp;<strong>Eva<\/strong>. Ambas llevaron el mismo look que su mam\u00e1 pero<strong>&nbsp;en miniatura<\/strong>. Por encima, sumaron&nbsp;<strong>camperas de piel en animal print<\/strong>.<\/p>\n\n\n\n<figure class=\"wp-block-image\"><img decoding=\"async\" src=\"https:\/\/tn.com.ar\/resizer\/v2\/la-joaqui-y-sus-nenas-foto-movilpress-CPO72RX5SJC6TIIL5B2QBTLIH4.JPG?auth=502351906a774a6e1d86db3825d3517d625dc1893c09dfa22f0127e581c54d9d&amp;width=767\" alt=\"La Joaqui y sus nenas. (Foto: Movilpress).\"\/><figcaption class=\"wp-element-caption\">La Joaqui y sus nenas. (Foto: Movilpress).<\/figcaption><\/figure>\n\n\n\n<p>M\u00e1s tiernas que nunca, coronaron las miniapuestas de moda con&nbsp;<strong>peinados de rodetes<\/strong>,<strong>&nbsp;zapatillas blancas botita con brillos&nbsp;<\/strong>y carteras de lujo: la m\u00e1s grande de las dos, luci\u00f3 una<em><strong>minibag<\/strong><\/em><strong>&nbsp;en plateado<\/strong>&nbsp;mientras la m\u00e1s chiquita, eligi\u00f3 una&nbsp;<strong>de formato circular<\/strong>&nbsp;con apliques de<strong>&nbsp;strass rosados<\/strong>.<\/p>\n\n\n\n<figure class=\"wp-block-image\"><img decoding=\"async\" src=\"https:\/\/tn.com.ar\/resizer\/v2\/la-joaqui-en-total-denim-foto-movilpress-NQ6RTCCAZJASFCEVCZPYTC3LGI.JPG?auth=85b36601d786c7f9656c10941e34453ac92bca2ac1771f41fa64cda6190f61e0&amp;width=767\" alt=\"La Joaqui en total denim. (Foto: Movilpress).\"\/><figcaption class=\"wp-element-caption\">La Joaqui en total denim. (Foto: Movilpress).<\/figcaption><\/figure>\n\n\n\n<p>A la sesi\u00f3n de fotos se sum\u00f3 otra de las invitadas al evento: la mism\u00edsima<strong>Julieta Poggio<\/strong>, la ex participante de \u201c<em>Gran Hermano<\/em>\u201d 2022 que salt\u00f3 a la fama y ahora copa todos los desfiles de moda.<\/p>\n\n\n\n<p>La actriz, bailarina e<em>&nbsp;influencer&nbsp;<\/em>llev\u00f3 puesto un look similar, tambi\u00e9n confeccionado enteramente en&nbsp;<strong>denim azul oscuro<\/strong>. En primer lugar, se luci\u00f3 con una&nbsp;<strong>microcampera de mangas bien largas<\/strong>&nbsp;que complement\u00f3 con un<strong>&nbsp;maxipantal\u00f3n pinzado muy ancho, de tiro bajo, con pata de elefante y bolsillos XXL<\/strong>&nbsp;en los laterales. Por debajo de la dupla, luci\u00f3 una polera<em>&nbsp;off white<\/em>&nbsp;de morley lisa.<\/p>\n\n\n\n<figure class=\"wp-block-image\"><img decoding=\"async\" src=\"https:\/\/tn.com.ar\/resizer\/v2\/la-joaqui-con-sus-hijas-y-juli-poggio-foto-movilpress-ZU6Y5FHKTFGZNN6JCOSNNCXM6I.JPG?auth=28ea9a85b11fb907a4b0411de9749b179b76b21ff31e4a86aa8157abb96a8783&amp;width=767\" alt=\"La Joaqui con sus hijas y Juli Poggio. (Foto: Movilpress).\"\/><figcaption class=\"wp-element-caption\">La Joaqui con sus hijas y Juli Poggio. (Foto: Movilpress).<\/figcaption><\/figure>\n\n\n\n<p>Una&nbsp;<strong>cartera&nbsp;<\/strong><em><strong>baguette<\/strong><\/em><strong>&nbsp;en&nbsp;<\/strong><em><strong>off white<\/strong><\/em>y un&nbsp;<em>make up<\/em>&nbsp;de alto impacto con<strong>&nbsp;foco en la mirada&nbsp;<\/strong>terminaron por completar el estilismo de la<em>&nbsp;it girl<\/em>, que combin\u00f3 a la perfecci\u00f3n con el de La Joaqui y sus hijas.<\/p>\n\n\n\n<figure class=\"wp-block-image\"><img decoding=\"async\" src=\"https:\/\/tn.com.ar\/resizer\/v2\/la-joaqui-a-juego-con-sus-hijas-y-con-julieta-poggio-foto-movilpress-MCUWVTPSE5H75IET374T6XR7DY.JPG?auth=f6f72cf8cbeaa6a3ff495c4538e2181b8a858335e66f6bedf3f6fc87dcaacfeb&amp;width=767\" alt=\"La Joaqui a juego con sus hijas y con Julieta Poggio. (Foto: Movilpress).\"\/><figcaption class=\"wp-element-caption\">La Joaqui a juego con sus hijas y con Julieta Poggio. (Foto: Movilpress).<\/figcaption><\/figure>\n","protected":false},"excerpt":{"rendered":"<p>El viernes por la noche fue el desfile de&nbsp;Pucheta Paz&nbsp;enel Centro Audiovisual Inmersivo. Muchas celebridades estuvieron presente en la presentaci\u00f3n de la primera colecci\u00f3n creada como dupla creativa:&nbsp;Impenetrable. La misma&hellip; <\/p>\n","protected":false},"author":12,"featured_media":163362,"comment_status":"closed","ping_status":"open","sticky":false,"template":"","format":"standard","meta":{"footnotes":""},"categories":[19],"tags":[],"class_list":["post-163361","post","type-post","status-publish","format-standard","has-post-thumbnail","hentry","category-espectaculos"],"_links":{"self":[{"href":"https:\/\/corrientesdetarde.com\/index.php\/wp-json\/wp\/v2\/posts\/163361","targetHints":{"allow":["GET"]}}],"collection":[{"href":"https:\/\/corrientesdetarde.com\/index.php\/wp-json\/wp\/v2\/posts"}],"about":[{"href":"https:\/\/corrientesdetarde.com\/index.php\/wp-json\/wp\/v2\/types\/post"}],"author":[{"embeddable":true,"href":"https:\/\/corrientesdetarde.com\/index.php\/wp-json\/wp\/v2\/users\/12"}],"replies":[{"embeddable":true,"href":"https:\/\/corrientesdetarde.com\/index.php\/wp-json\/wp\/v2\/comments?post=163361"}],"version-history":[{"count":1,"href":"https:\/\/corrientesdetarde.com\/index.php\/wp-json\/wp\/v2\/posts\/163361\/revisions"}],"predecessor-version":[{"id":163363,"href":"https:\/\/corrientesdetarde.com\/index.php\/wp-json\/wp\/v2\/posts\/163361\/revisions\/163363"}],"wp:featuredmedia":[{"embeddable":true,"href":"https:\/\/corrientesdetarde.com\/index.php\/wp-json\/wp\/v2\/media\/163362"}],"wp:attachment":[{"href":"https:\/\/corrientesdetarde.com\/index.php\/wp-json\/wp\/v2\/media?parent=163361"}],"wp:term":[{"taxonomy":"category","embeddable":true,"href":"https:\/\/corrientesdetarde.com\/index.php\/wp-json\/wp\/v2\/categories?post=163361"},{"taxonomy":"post_tag","embeddable":true,"href":"https:\/\/corrientesdetarde.com\/index.php\/wp-json\/wp\/v2\/tags?post=163361"}],"curies":[{"name":"wp","href":"https:\/\/api.w.org\/{rel}","templated":true}]}}