{"id":163376,"date":"2024-09-02T13:33:24","date_gmt":"2024-09-02T16:33:24","guid":{"rendered":"https:\/\/corrientesdetarde.com\/?p=163376"},"modified":"2024-09-02T13:33:36","modified_gmt":"2024-09-02T16:33:36","slug":"avanza-la-capacitacion-a-los-futuros-guardavidas-para-garantizar-la-seguridad-en-las-playas","status":"publish","type":"post","link":"https:\/\/corrientesdetarde.com\/index.php\/sociales\/avanza-la-capacitacion-a-los-futuros-guardavidas-para-garantizar-la-seguridad-en-las-playas\/","title":{"rendered":"Avanza la capacitaci\u00f3n a los futuros guardavidas para garantizar la seguridad en las playas"},"content":{"rendered":"\n<p><em>Bajo el lema &#8220;El verano m\u00e1s largo del pa\u00eds&#8221;, la ciudad se prepara para ofrecer servicios gratuitos y garantizar la seguridad de los ba\u00f1istas en sus reconocidos balnearios p\u00fablicos. Cerca de 30 aspirantes se encuentran realizando pruebas f\u00edsicas e intelectuales para formar parte del plantel de guardavidas.<\/em><\/p>\n\n\n\n<p>La Municipalidad de Corrientes, a trav\u00e9s de su Direcci\u00f3n General de Playas, inici\u00f3 el proceso de selecci\u00f3n para los nuevos guardavidas que formar\u00e1n parte del equipo de seguridad de las playas durante la pr\u00f3xima temporada alta de verano.<br><br>El director general de playas, Adri\u00e1n Meza, destac\u00f3 la importancia de este proceso de selecci\u00f3n para cubrir las vacantes necesarias: &#8220;Estamos comenzando las pruebas con los aspirantes al puesto de guardavidas. Desde la gesti\u00f3n del intendente Eduardo Tassano, hemos establecido el objetivo de tener el verano m\u00e1s largo del pa\u00eds, que iniciar\u00e1 el 1 de octubre y se extender\u00e1 hasta el 30 de abril. Por eso, en este momento estamos realizando una prueba de admisi\u00f3n para completar el plantel de aproximadamente 50 guardavidas que vamos a necesitar para la temporada alta.&#8221;<br><br>Actualmente, 27 aspirantes se encuentran en la etapa de pruebas f\u00edsicas, que incluye una serie de desaf\u00edos dise\u00f1ados para medir su capacidad y resistencia. &#8220;La prueba de hoy consiste en una carrera de 2000 metros, seguida de una prueba de velocidad en la arena y, finalmente, pruebas de nataci\u00f3n en el r\u00edo, donde deber\u00e1n demostrar su habilidad en aguas con corrientes, tanto a favor como en contra&#8221;, explic\u00f3 Meza.<br><br>La selecci\u00f3n es rigurosa debido a la responsabilidad que conlleva el rol de guardavidas. &#8220;Hace muy poco, uno de nuestros guardavidas tuvo que nadar 250 metros r\u00edo adentro para rescatar a una persona. Luego, tuvo que nadar 900 metros m\u00e1s para llevarla a salvo, con la ayuda de un compa\u00f1ero en kayak&#8221;, relat\u00f3 Meza, subrayando la necesidad de contar con un equipo altamente capacitado y preparado para cualquier eventualidad.<br><br>Los aspirantes que superen estas pruebas f\u00edsicas continuar\u00e1n con una capacitaci\u00f3n intensiva durante el mes de septiembre, donde se les ense\u00f1ar\u00e1n t\u00e9cnicas de rescate y otras habilidades cruciales para el desempe\u00f1o de sus funciones. &#8220;Al finalizar el mes, seleccionaremos a quienes est\u00e9n en \u00f3ptimas condiciones para formar parte del plantel. Es un proceso exigente, pero necesario para garantizar la seguridad de todos los que disfrutan de nuestras playas&#8221;, concluy\u00f3 Meza.<br><br>Las playas Arazaty 1, Malvinas 2 y Molina Punta estar\u00e1n habilitadas todos los s\u00e1bados, domingos y feriados a partir del 1 de octubre, brindando un espacio seguro y gratuito para que los correntinos y turistas disfruten de la temporada estival en la ciudad.<\/p>\n\n\n\n<p><em><a href=\"https:\/\/ciudaddecorrientes.us12.list-manage.com\/track\/click?u=253e4bcff71216c6af771c3c9&amp;id=b95d144ecd&amp;e=17643edfa8\" target=\"_blank\" rel=\"noreferrer noopener\">Nota de TV:<\/a>\u00a0Adri\u00e1n Meza &#8211; director general de playas<\/em><\/p>\n\n\n\n<figure class=\"wp-block-image size-large\"><img loading=\"lazy\" decoding=\"async\" width=\"1024\" height=\"682\" src=\"https:\/\/corrientesdetarde.com\/wp-content\/uploads\/2024\/09\/image-6-1024x682.png\" alt=\"\" class=\"wp-image-163377\" srcset=\"https:\/\/corrientesdetarde.com\/wp-content\/uploads\/2024\/09\/image-6-1024x682.png 1024w, https:\/\/corrientesdetarde.com\/wp-content\/uploads\/2024\/09\/image-6-300x200.png 300w, https:\/\/corrientesdetarde.com\/wp-content\/uploads\/2024\/09\/image-6-768x512.png 768w, https:\/\/corrientesdetarde.com\/wp-content\/uploads\/2024\/09\/image-6.png 1280w\" sizes=\"auto, (max-width: 1024px) 100vw, 1024px\" \/><\/figure>\n\n\n\n<figure class=\"wp-block-image size-large\"><img loading=\"lazy\" decoding=\"async\" width=\"1024\" height=\"682\" src=\"https:\/\/corrientesdetarde.com\/wp-content\/uploads\/2024\/09\/image-7-1024x682.png\" alt=\"\" class=\"wp-image-163378\" srcset=\"https:\/\/corrientesdetarde.com\/wp-content\/uploads\/2024\/09\/image-7-1024x682.png 1024w, https:\/\/corrientesdetarde.com\/wp-content\/uploads\/2024\/09\/image-7-300x200.png 300w, https:\/\/corrientesdetarde.com\/wp-content\/uploads\/2024\/09\/image-7-768x512.png 768w, https:\/\/corrientesdetarde.com\/wp-content\/uploads\/2024\/09\/image-7.png 1280w\" sizes=\"auto, (max-width: 1024px) 100vw, 1024px\" \/><\/figure>\n\n\n\n<figure class=\"wp-block-image size-large\"><img loading=\"lazy\" decoding=\"async\" width=\"1024\" height=\"682\" src=\"https:\/\/corrientesdetarde.com\/wp-content\/uploads\/2024\/09\/image-8-1024x682.png\" alt=\"\" class=\"wp-image-163379\" srcset=\"https:\/\/corrientesdetarde.com\/wp-content\/uploads\/2024\/09\/image-8-1024x682.png 1024w, https:\/\/corrientesdetarde.com\/wp-content\/uploads\/2024\/09\/image-8-300x200.png 300w, https:\/\/corrientesdetarde.com\/wp-content\/uploads\/2024\/09\/image-8-768x512.png 768w, https:\/\/corrientesdetarde.com\/wp-content\/uploads\/2024\/09\/image-8.png 1280w\" sizes=\"auto, (max-width: 1024px) 100vw, 1024px\" \/><\/figure>\n\n\n\n<figure class=\"wp-block-image size-large\"><img loading=\"lazy\" decoding=\"async\" width=\"1024\" height=\"682\" src=\"https:\/\/corrientesdetarde.com\/wp-content\/uploads\/2024\/09\/image-9-1024x682.png\" alt=\"\" class=\"wp-image-163380\" srcset=\"https:\/\/corrientesdetarde.com\/wp-content\/uploads\/2024\/09\/image-9-1024x682.png 1024w, https:\/\/corrientesdetarde.com\/wp-content\/uploads\/2024\/09\/image-9-300x200.png 300w, https:\/\/corrientesdetarde.com\/wp-content\/uploads\/2024\/09\/image-9-768x512.png 768w, https:\/\/corrientesdetarde.com\/wp-content\/uploads\/2024\/09\/image-9.png 1280w\" sizes=\"auto, (max-width: 1024px) 100vw, 1024px\" \/><\/figure>\n\n\n\n<figure class=\"wp-block-image size-large\"><img loading=\"lazy\" decoding=\"async\" width=\"1024\" height=\"682\" src=\"https:\/\/corrientesdetarde.com\/wp-content\/uploads\/2024\/09\/image-11-1024x682.png\" alt=\"\" class=\"wp-image-163382\" srcset=\"https:\/\/corrientesdetarde.com\/wp-content\/uploads\/2024\/09\/image-11-1024x682.png 1024w, https:\/\/corrientesdetarde.com\/wp-content\/uploads\/2024\/09\/image-11-300x200.png 300w, https:\/\/corrientesdetarde.com\/wp-content\/uploads\/2024\/09\/image-11-768x512.png 768w, https:\/\/corrientesdetarde.com\/wp-content\/uploads\/2024\/09\/image-11.png 1280w\" sizes=\"auto, (max-width: 1024px) 100vw, 1024px\" \/><\/figure>\n","protected":false},"excerpt":{"rendered":"<p>Bajo el lema &#8220;El verano m\u00e1s largo del pa\u00eds&#8221;, la ciudad se prepara para ofrecer servicios gratuitos y garantizar la seguridad de los ba\u00f1istas en sus reconocidos balnearios p\u00fablicos. Cerca&hellip; <\/p>\n","protected":false},"author":8,"featured_media":163381,"comment_status":"closed","ping_status":"open","sticky":false,"template":"","format":"standard","meta":{"footnotes":""},"categories":[17],"tags":[],"class_list":["post-163376","post","type-post","status-publish","format-standard","has-post-thumbnail","hentry","category-sociales"],"_links":{"self":[{"href":"https:\/\/corrientesdetarde.com\/index.php\/wp-json\/wp\/v2\/posts\/163376","targetHints":{"allow":["GET"]}}],"collection":[{"href":"https:\/\/corrientesdetarde.com\/index.php\/wp-json\/wp\/v2\/posts"}],"about":[{"href":"https:\/\/corrientesdetarde.com\/index.php\/wp-json\/wp\/v2\/types\/post"}],"author":[{"embeddable":true,"href":"https:\/\/corrientesdetarde.com\/index.php\/wp-json\/wp\/v2\/users\/8"}],"replies":[{"embeddable":true,"href":"https:\/\/corrientesdetarde.com\/index.php\/wp-json\/wp\/v2\/comments?post=163376"}],"version-history":[{"count":1,"href":"https:\/\/corrientesdetarde.com\/index.php\/wp-json\/wp\/v2\/posts\/163376\/revisions"}],"predecessor-version":[{"id":163383,"href":"https:\/\/corrientesdetarde.com\/index.php\/wp-json\/wp\/v2\/posts\/163376\/revisions\/163383"}],"wp:featuredmedia":[{"embeddable":true,"href":"https:\/\/corrientesdetarde.com\/index.php\/wp-json\/wp\/v2\/media\/163381"}],"wp:attachment":[{"href":"https:\/\/corrientesdetarde.com\/index.php\/wp-json\/wp\/v2\/media?parent=163376"}],"wp:term":[{"taxonomy":"category","embeddable":true,"href":"https:\/\/corrientesdetarde.com\/index.php\/wp-json\/wp\/v2\/categories?post=163376"},{"taxonomy":"post_tag","embeddable":true,"href":"https:\/\/corrientesdetarde.com\/index.php\/wp-json\/wp\/v2\/tags?post=163376"}],"curies":[{"name":"wp","href":"https:\/\/api.w.org\/{rel}","templated":true}]}}