{"id":16338,"date":"2022-11-01T16:40:37","date_gmt":"2022-11-01T19:40:37","guid":{"rendered":"https:\/\/corrientesdetarde.com\/?p=16338"},"modified":"2022-11-01T16:40:40","modified_gmt":"2022-11-01T19:40:40","slug":"los-primeros-dias-de-musk-al-frente-de-twitter-aumentaron-los-discursos-de-odio","status":"publish","type":"post","link":"https:\/\/corrientesdetarde.com\/index.php\/tendencias\/los-primeros-dias-de-musk-al-frente-de-twitter-aumentaron-los-discursos-de-odio\/","title":{"rendered":"Los primeros d\u00edas de Musk al frente de Twitter, \u00bfaumentaron los discursos de odio?"},"content":{"rendered":"\n<p><a href=\"javascript:void(0);\"><\/a>El magnate sudafricano complet\u00f3 la compra de la plataforma por 44.000 millones de d\u00f3lares y ya realiz\u00f3 algunos anuncios, aunque a\u00fan sin oficializaci\u00f3n. Entre sus planes est\u00e1 cambiar las pol\u00edticas de moderaci\u00f3n de contenido para apostar por &#8220;una mayor libertad de expresi\u00f3n&#8221;.<\/p>\n\n\n\n<p>Publicaciones con insultos, contenido antisemita y difusi\u00f3n de noticias falsas registraron un &#8220;incremento&#8221; en Twitter, luego de que el viernes pasado se confirmara la noticia de que Elon Musk se convert\u00eda oficialmente en el due\u00f1o de la red social, seg\u00fan difundieron medios especializados.&nbsp;<\/p>\n\n\n\n<p>El magnate sudafricano, que adem\u00e1s dirige Tesla y SpaceX, complet\u00f3 la compra de Twitter por un valor total de&nbsp;<strong>44.000 millones de d\u00f3lares y se convirti\u00f3 en su due\u00f1o.&nbsp;<\/strong>En ese rol,<strong>&nbsp;<\/strong>ya anunci\u00f3 que va a cambiar las pol\u00edticas de moderaci\u00f3n de contenido de la red social para apostar por&nbsp;<strong>&#8220;una mayor libertad de expresi\u00f3n&#8221;.<\/strong><\/p>\n\n\n\n<p>Tambi\u00e9n esboz\u00f3 otras modificaciones, como el pago de una suscripci\u00f3n para conservar la&nbsp;<strong>tilde azul de verificaci\u00f3n<\/strong>&nbsp;de una cuenta y la recuperaci\u00f3n de la plataforma de videos cortos&nbsp;<strong>Vine<\/strong>.&nbsp;Si bien ning\u00fan anuncio a\u00fan fue oficializado ni detallado, Twitter experiment\u00f3 ciertas alteraciones en su din\u00e1mica.<\/p>\n\n\n\n<p>Como es habitual, los memes en tono sarc\u00e1stico e ir\u00f3nico inundaron la red social, una movida a la que el propio Musk se subi\u00f3 -y esta vez- como cabeza de la compa\u00f1\u00eda. Pero otro tipo de publicaciones comenzaron a surgir, originando preocupaci\u00f3n en algunas organizaciones.\u00a0<\/p>\n\n\n\n<p>Por ejemplo, el jueves por la tarde, un insulto racista se mantuvo a un volumen bajo en Twitter, con menos de una docena de menciones cada cinco minutos en toda la plataforma, de acuerdo con la plataforma de an\u00e1lisis de redes&nbsp;<strong>Dataminr.&nbsp;<\/strong>Sin embargo,&nbsp;tras la difusi\u00f3n de&nbsp;la compra de Twitter,&nbsp;&#8220;hubo un&nbsp;<strong>aumento del 1.300%&#8221;&nbsp;<\/strong>de esa palabra dentro de la plataforma en varios idiomas, incluidos espa\u00f1ol, \u00e1rabe y portugu\u00e9s, indic\u00f3 el an\u00e1lisis citado por el sitio de noticias Bloomberg.&nbsp;<\/p>\n\n\n\n<p>Por otra parte, las menciones de &#8220;ivermectina&#8221;, el f\u00e1rmaco popular entre quienes buscan tratamientos alternativos para la covid-19 a pesar de la falta de investigaciones s\u00f3lidas que lo respalden, tambi\u00e9n<strong>&nbsp;&#8220;se dispararon un 2.900%&#8221;<\/strong>&nbsp;en Twitter, alcanzando un m\u00e1ximo de 358 menciones cada cinco minutos, continu\u00f3 el sitio.<\/p>\n\n\n\n<p>La Liga Anti-Difamaci\u00f3n (ADL, por sus siglas en ingl\u00e9s) contra los discursos de odio, identific\u00f3 &#8220;un esfuerzo coordinado para difundir el contenido antisemita en Twitter,&nbsp; inspir\u00e1ndose expl\u00edcitamente en la adquisici\u00f3n de la empresa por parte de Elon Musk&#8221;, seg\u00fan public\u00f3<strong>&nbsp;@ADL<\/strong>&nbsp;el viernes. en esa red social.<\/p>\n\n\n\n<p>&#8220;En las \u00faltimas 24 horas (del viernes), m\u00e1s de 1.200 tuits y retuits han\u00a0<strong>difundido memes antisemitas&#8221;<\/strong>, denunci\u00f3 ADL.<\/p>\n\n\n\n<p>Asimismo, el Instituto Network Contagion Research, que analiza el contenido de las redes sociales y se basa en Princeton, Estados Unidos, tambi\u00e9n se refiri\u00f3 al tema sobre contenido racista. Seg\u00fan esta instituci\u00f3n,&#8221; se registr\u00f3 un\u00a0<strong>aumento del 500%<\/strong>\u00a0en el uso de la palabra \u2018con N\u2019 en Twitter&#8221;, tras las 12 horas posteriores a la oficializaci\u00f3n de Musk como due\u00f1o.<\/p>\n\n\n\n<p>Musk a\u00fan no brind\u00f3 comunicaciones oficiales sobre el tema, pero s\u00ed sigue usando Twitter para emitir\u00a0<strong>declaraciones en lenguaje de broma:<\/strong>\u00a0&#8220;Si tuviera un d\u00f3lar por cada vez que alguien me pregunta si Trump va a volver a esta plataforma, \u00a1Twitter estar\u00eda acu\u00f1ando dinero!&#8221;.\u00a0<\/p>\n","protected":false},"excerpt":{"rendered":"<p>El magnate sudafricano complet\u00f3 la compra de la plataforma por 44.000 millones de d\u00f3lares y ya realiz\u00f3 algunos anuncios, aunque a\u00fan sin oficializaci\u00f3n. Entre sus planes est\u00e1 cambiar las pol\u00edticas&hellip; <\/p>\n","protected":false},"author":8,"featured_media":16339,"comment_status":"closed","ping_status":"open","sticky":false,"template":"","format":"standard","meta":{"footnotes":""},"categories":[28],"tags":[],"class_list":["post-16338","post","type-post","status-publish","format-standard","has-post-thumbnail","hentry","category-tendencias"],"_links":{"self":[{"href":"https:\/\/corrientesdetarde.com\/index.php\/wp-json\/wp\/v2\/posts\/16338","targetHints":{"allow":["GET"]}}],"collection":[{"href":"https:\/\/corrientesdetarde.com\/index.php\/wp-json\/wp\/v2\/posts"}],"about":[{"href":"https:\/\/corrientesdetarde.com\/index.php\/wp-json\/wp\/v2\/types\/post"}],"author":[{"embeddable":true,"href":"https:\/\/corrientesdetarde.com\/index.php\/wp-json\/wp\/v2\/users\/8"}],"replies":[{"embeddable":true,"href":"https:\/\/corrientesdetarde.com\/index.php\/wp-json\/wp\/v2\/comments?post=16338"}],"version-history":[{"count":1,"href":"https:\/\/corrientesdetarde.com\/index.php\/wp-json\/wp\/v2\/posts\/16338\/revisions"}],"predecessor-version":[{"id":16340,"href":"https:\/\/corrientesdetarde.com\/index.php\/wp-json\/wp\/v2\/posts\/16338\/revisions\/16340"}],"wp:featuredmedia":[{"embeddable":true,"href":"https:\/\/corrientesdetarde.com\/index.php\/wp-json\/wp\/v2\/media\/16339"}],"wp:attachment":[{"href":"https:\/\/corrientesdetarde.com\/index.php\/wp-json\/wp\/v2\/media?parent=16338"}],"wp:term":[{"taxonomy":"category","embeddable":true,"href":"https:\/\/corrientesdetarde.com\/index.php\/wp-json\/wp\/v2\/categories?post=16338"},{"taxonomy":"post_tag","embeddable":true,"href":"https:\/\/corrientesdetarde.com\/index.php\/wp-json\/wp\/v2\/tags?post=16338"}],"curies":[{"name":"wp","href":"https:\/\/api.w.org\/{rel}","templated":true}]}}