{"id":163399,"date":"2024-09-02T13:45:11","date_gmt":"2024-09-02T16:45:11","guid":{"rendered":"https:\/\/corrientesdetarde.com\/?p=163399"},"modified":"2024-09-02T13:45:16","modified_gmt":"2024-09-02T16:45:16","slug":"la-provincia-realizara-la-jornada-trasformacion-digital-del-sistema-de-salud","status":"publish","type":"post","link":"https:\/\/corrientesdetarde.com\/index.php\/bienestar-y-salud\/la-provincia-realizara-la-jornada-trasformacion-digital-del-sistema-de-salud\/","title":{"rendered":"La Provincia realizar\u00e1 la Jornada Trasformaci\u00f3n Digital del Sistema de Salud"},"content":{"rendered":"\n<p><em>&nbsp;Se llevar\u00e1 adelante ma\u00f1ana en el Auditorio Juli\u00e1n Zini, con la disertaci\u00f3n a cargo de Mart\u00edn Sabignoso y su equipo.<\/em><\/p>\n\n\n\n<p>El martes 3 de septiembre el Ministerio de Salud P\u00fablica a trav\u00e9s de la Direcci\u00f3n de Telesalud, realizar\u00e1 la Jornada \u201cTransformaci\u00f3n Digital del Sistema de Salud de Corrientes\u201d. La disertaci\u00f3n estar\u00e1 a cargo de especialistas de la Fundaci\u00f3n Estudios e Investigaciones Administrativas en Salud (Feias). Se llevar\u00e1 adelante a partir de las 8.30 en el Auditorio Juli\u00e1n Zini ubicado por Blas Benjam\u00edn de la Vega 1699.<\/p>\n\n\n\n<p>La apertura del evento estar\u00e1 a cargo del ministro de Salud, Ricardo Cardozo. El primero orador, sobre Salud Digital en Corrientes, ser\u00e1 Fabi\u00e1n Medina quien es director de Sistema, luego la subsecretaria de APS Alicia Pereira y seguidamente la directora de Telesalud, Patricia G\u00f3mez de la Fuente.<\/p>\n\n\n\n<p>En el primer bloque, Mart\u00edn Sabignoso de la Fundaci\u00f3n Feias disertar\u00e1 sobre: M\u00e1s salud digital para construir el sistema de salud del siglo 21. Aprendizajes, oportunidades y retos para aprovechar el gran potencial de las tecnolog\u00edas digitales. En el bloque siguiente, de la misma fundaci\u00f3n hablar\u00e1 Mart\u00edn Piazza, de: La gobernanza de datos. Digitalizar, integrar y explotar datos para mejores decisiones sanitarias. La integraci\u00f3n de los registros sociales y los sistemas de informaci\u00f3n en salud.<\/p>\n\n\n\n<p>Tambi\u00e9n abordar\u00e1n sobre interoperabilidad de los sistemas de informaci\u00f3n en salud. Para finalizar, todo el equipo de la fundaci\u00f3n, har\u00e1 un desarrollo de actividad interactiva con los participantes del taller.<\/p>\n\n\n\n<p>Cabe indicar que Mart\u00edn Sabignoso es abogado, mag\u00edster en Derecho y fue viceministro de Salud de Argentina. Coordina la asistencia t\u00e9cnica, los programas de capacitaci\u00f3n y la agenda de desarrollo de Tecnolog\u00edas Digitales de la Fundaci\u00f3n Feias en apoyo a los sistemas provinciales de salud, a las instituciones de la seguridad social y a los prestadores p\u00fablicos y privados. Entre otros trabajos destacados.<\/p>\n\n\n\n<p>A su vez, Mart\u00edn Piazza es abogado formado en Gesti\u00f3n y Control de Pol\u00edticas P\u00fablicas en la Facultad Latinoamericana de Ciencias Sociales (Flacso). Fue jefe de Gabinete de la Secretar\u00eda de Equipo del Ministerio de Salud de la Naci\u00f3n. Director del SAME de la provincia de Buenos Aires, gerente nacional de Calidad del Programa Sumar, entre otros. Actualmente forma parte del equipo de Feias.<\/p>\n\n\n\n<p>Fernando Gabriel N\u00fa\u00f1ez es ingeniero en Sistemas de Comunicaci\u00f3n y mag\u00edster en Inform\u00e1tica y Salud. Director de desarrollo de tecnolog\u00edas de c\u00f3digo abierto de la fundaci\u00f3n Feias. Director de Gobernanza e Integraci\u00f3n de los Sistemas de Salud, Secretar\u00eda de Equidad en Salud del Ministerio de Salud de la Naci\u00f3n. Entre otros trabajos destacados.<\/p>\n\n\n\n<p>Registro de los participantes en el siguiente Link:&nbsp;<\/p>\n\n\n\n<p><a href=\"https:\/\/forms.gle\/sAQkV8wYZiLjAugn\">https:\/\/forms.gle\/sAQkV8wYZiLjAugn<\/a><\/p>\n\n\n\n<figure class=\"wp-block-image size-large\"><img loading=\"lazy\" decoding=\"async\" width=\"1024\" height=\"1024\" src=\"https:\/\/corrientesdetarde.com\/wp-content\/uploads\/2024\/09\/image-23-1024x1024.png\" alt=\"\" class=\"wp-image-163400\" srcset=\"https:\/\/corrientesdetarde.com\/wp-content\/uploads\/2024\/09\/image-23-1024x1024.png 1024w, https:\/\/corrientesdetarde.com\/wp-content\/uploads\/2024\/09\/image-23-300x300.png 300w, https:\/\/corrientesdetarde.com\/wp-content\/uploads\/2024\/09\/image-23-150x150.png 150w, https:\/\/corrientesdetarde.com\/wp-content\/uploads\/2024\/09\/image-23-768x768.png 768w, https:\/\/corrientesdetarde.com\/wp-content\/uploads\/2024\/09\/image-23-1536x1536.png 1536w, https:\/\/corrientesdetarde.com\/wp-content\/uploads\/2024\/09\/image-23.png 1600w\" sizes=\"auto, (max-width: 1024px) 100vw, 1024px\" \/><\/figure>\n","protected":false},"excerpt":{"rendered":"<p>&nbsp;Se llevar\u00e1 adelante ma\u00f1ana en el Auditorio Juli\u00e1n Zini, con la disertaci\u00f3n a cargo de Mart\u00edn Sabignoso y su equipo. El martes 3 de septiembre el Ministerio de Salud P\u00fablica&hellip; <\/p>\n","protected":false},"author":8,"featured_media":163400,"comment_status":"closed","ping_status":"open","sticky":false,"template":"","format":"standard","meta":{"footnotes":""},"categories":[16],"tags":[],"class_list":["post-163399","post","type-post","status-publish","format-standard","has-post-thumbnail","hentry","category-bienestar-y-salud"],"_links":{"self":[{"href":"https:\/\/corrientesdetarde.com\/index.php\/wp-json\/wp\/v2\/posts\/163399","targetHints":{"allow":["GET"]}}],"collection":[{"href":"https:\/\/corrientesdetarde.com\/index.php\/wp-json\/wp\/v2\/posts"}],"about":[{"href":"https:\/\/corrientesdetarde.com\/index.php\/wp-json\/wp\/v2\/types\/post"}],"author":[{"embeddable":true,"href":"https:\/\/corrientesdetarde.com\/index.php\/wp-json\/wp\/v2\/users\/8"}],"replies":[{"embeddable":true,"href":"https:\/\/corrientesdetarde.com\/index.php\/wp-json\/wp\/v2\/comments?post=163399"}],"version-history":[{"count":1,"href":"https:\/\/corrientesdetarde.com\/index.php\/wp-json\/wp\/v2\/posts\/163399\/revisions"}],"predecessor-version":[{"id":163401,"href":"https:\/\/corrientesdetarde.com\/index.php\/wp-json\/wp\/v2\/posts\/163399\/revisions\/163401"}],"wp:featuredmedia":[{"embeddable":true,"href":"https:\/\/corrientesdetarde.com\/index.php\/wp-json\/wp\/v2\/media\/163400"}],"wp:attachment":[{"href":"https:\/\/corrientesdetarde.com\/index.php\/wp-json\/wp\/v2\/media?parent=163399"}],"wp:term":[{"taxonomy":"category","embeddable":true,"href":"https:\/\/corrientesdetarde.com\/index.php\/wp-json\/wp\/v2\/categories?post=163399"},{"taxonomy":"post_tag","embeddable":true,"href":"https:\/\/corrientesdetarde.com\/index.php\/wp-json\/wp\/v2\/tags?post=163399"}],"curies":[{"name":"wp","href":"https:\/\/api.w.org\/{rel}","templated":true}]}}