{"id":163488,"date":"2024-09-03T00:42:33","date_gmt":"2024-09-03T03:42:33","guid":{"rendered":"https:\/\/corrientesdetarde.com\/?p=163488"},"modified":"2024-09-03T00:42:45","modified_gmt":"2024-09-03T03:42:45","slug":"mas-de-1500-ninos-festejaron-el-dia-del-nino","status":"publish","type":"post","link":"https:\/\/corrientesdetarde.com\/index.php\/sociales\/mas-de-1500-ninos-festejaron-el-dia-del-nino\/","title":{"rendered":"M\u00e1s de 1500 ni\u00f1os festejaron el D\u00eda del Ni\u00f1o"},"content":{"rendered":"\n<p>Este domingo 1 de septiembre, el Ministerio de Desarrollo Social de la provincia a cargo de Ad\u00e1n Gaya festej\u00f3 el D\u00eda del Ni\u00f1o en el Club Lipton en el barrio&nbsp;San Benito.<\/p>\n\n\n\n<p>El evento estuvo organizado por la Direcci\u00f3n de Seguridad Alimentaria cuyo Director es el Dr. Lucas Carballo dependiente del Ministerio.<\/p>\n\n\n\n<p>La Fiesta estuvo animada por payasos, quienes entretuvieron&nbsp;a los ni\u00f1os y adultos con juegos, sorteos y muchos premios.&nbsp;Adem\u00e1s, se reparti\u00f3&nbsp;chocolate y golosinas.Tambi\u00e9n hab\u00eda castillos inflables.<\/p>\n\n\n\n<p>Se cont\u00f3 con la colaboraci\u00f3n de la Secretar\u00eda de Deporte y el Ministerio de Salud con el \u00a0aporte del Dr Luis P\u00e9rez y su equipo. como tambi\u00e9n el personal del \u00e1rea de Celiaqu\u00eda y del Programa Manos Por\u00e1 colaboraron en la realizaci\u00f3n del festejo.<\/p>\n\n\n\n<figure class=\"wp-block-image size-full\"><img loading=\"lazy\" decoding=\"async\" width=\"680\" height=\"903\" src=\"https:\/\/corrientesdetarde.com\/wp-content\/uploads\/2024\/09\/image-66.png\" alt=\"\" class=\"wp-image-163539\" srcset=\"https:\/\/corrientesdetarde.com\/wp-content\/uploads\/2024\/09\/image-66.png 680w, https:\/\/corrientesdetarde.com\/wp-content\/uploads\/2024\/09\/image-66-226x300.png 226w\" sizes=\"auto, (max-width: 680px) 100vw, 680px\" \/><\/figure>\n\n\n\n<figure class=\"wp-block-image size-full\"><img loading=\"lazy\" decoding=\"async\" width=\"890\" height=\"895\" src=\"https:\/\/corrientesdetarde.com\/wp-content\/uploads\/2024\/09\/image-67.png\" alt=\"\" class=\"wp-image-163540\" srcset=\"https:\/\/corrientesdetarde.com\/wp-content\/uploads\/2024\/09\/image-67.png 890w, https:\/\/corrientesdetarde.com\/wp-content\/uploads\/2024\/09\/image-67-298x300.png 298w, https:\/\/corrientesdetarde.com\/wp-content\/uploads\/2024\/09\/image-67-150x150.png 150w, https:\/\/corrientesdetarde.com\/wp-content\/uploads\/2024\/09\/image-67-768x772.png 768w\" sizes=\"auto, (max-width: 890px) 100vw, 890px\" \/><\/figure>\n","protected":false},"excerpt":{"rendered":"<p>Este domingo 1 de septiembre, el Ministerio de Desarrollo Social de la provincia a cargo de Ad\u00e1n Gaya festej\u00f3 el D\u00eda del Ni\u00f1o en el Club Lipton en el barrio&nbsp;San&hellip; <\/p>\n","protected":false},"author":4,"featured_media":163541,"comment_status":"closed","ping_status":"open","sticky":false,"template":"","format":"standard","meta":{"footnotes":""},"categories":[17],"tags":[],"class_list":["post-163488","post","type-post","status-publish","format-standard","has-post-thumbnail","hentry","category-sociales"],"_links":{"self":[{"href":"https:\/\/corrientesdetarde.com\/index.php\/wp-json\/wp\/v2\/posts\/163488","targetHints":{"allow":["GET"]}}],"collection":[{"href":"https:\/\/corrientesdetarde.com\/index.php\/wp-json\/wp\/v2\/posts"}],"about":[{"href":"https:\/\/corrientesdetarde.com\/index.php\/wp-json\/wp\/v2\/types\/post"}],"author":[{"embeddable":true,"href":"https:\/\/corrientesdetarde.com\/index.php\/wp-json\/wp\/v2\/users\/4"}],"replies":[{"embeddable":true,"href":"https:\/\/corrientesdetarde.com\/index.php\/wp-json\/wp\/v2\/comments?post=163488"}],"version-history":[{"count":1,"href":"https:\/\/corrientesdetarde.com\/index.php\/wp-json\/wp\/v2\/posts\/163488\/revisions"}],"predecessor-version":[{"id":163542,"href":"https:\/\/corrientesdetarde.com\/index.php\/wp-json\/wp\/v2\/posts\/163488\/revisions\/163542"}],"wp:featuredmedia":[{"embeddable":true,"href":"https:\/\/corrientesdetarde.com\/index.php\/wp-json\/wp\/v2\/media\/163541"}],"wp:attachment":[{"href":"https:\/\/corrientesdetarde.com\/index.php\/wp-json\/wp\/v2\/media?parent=163488"}],"wp:term":[{"taxonomy":"category","embeddable":true,"href":"https:\/\/corrientesdetarde.com\/index.php\/wp-json\/wp\/v2\/categories?post=163488"},{"taxonomy":"post_tag","embeddable":true,"href":"https:\/\/corrientesdetarde.com\/index.php\/wp-json\/wp\/v2\/tags?post=163488"}],"curies":[{"name":"wp","href":"https:\/\/api.w.org\/{rel}","templated":true}]}}