{"id":163545,"date":"2024-09-03T07:34:02","date_gmt":"2024-09-03T10:34:02","guid":{"rendered":"https:\/\/corrientesdetarde.com\/?p=163545"},"modified":"2024-09-03T07:34:14","modified_gmt":"2024-09-03T10:34:14","slug":"corrientes-la-primavera-sera-muy-calurosa-y-con-pocas-lluvias","status":"publish","type":"post","link":"https:\/\/corrientesdetarde.com\/index.php\/locales\/corrientes-la-primavera-sera-muy-calurosa-y-con-pocas-lluvias\/","title":{"rendered":"Corrientes: la primavera ser\u00e1 muy calurosa y con pocas lluvias"},"content":{"rendered":"\n<p>El Servicio Meteorol\u00f3gico Nacional anunci\u00f3 que las temperaturas estar\u00e1n por encima de lo normal. Adem\u00e1s, podr\u00eda repetirse una situaci\u00f3n de sequ\u00eda extrema.<a href=\"https:\/\/api.whatsapp.com\/send?text=Corrientes:%20la%20primavera%20ser%C3%A1%20muy%20calurosa%20y%20con%20pocas%20lluvias%20-%20https:\/\/www.diarioepoca.com\/1331198-corrientes-la-primavera-sera-muy-calurosa-y-con-pocas-lluvias?utm_source=WhatsApp%26utm_medium=WhatsApp%26utm_campaign=WhatsApp%26utm_term=WhatsApp\" target=\"_blank\" rel=\"noreferrer noopener\"><\/a><a href=\"https:\/\/www.diarioepoca.com\/1331198-corrientes-la-primavera-sera-muy-calurosa-y-con-pocas-lluvias#\"><\/a><a href=\"https:\/\/www.diarioepoca.com\/1331198-corrientes-la-primavera-sera-muy-calurosa-y-con-pocas-lluvias#\"><\/a><\/p>\n\n\n\n<p>El informe trimestral elaborado por el Servicio Meteorol\u00f3gico Nacional (SMN) recientemente publicado anticipa para la provincia temperaturas por encima de los promedios normales para la primavera. Asimismo, las precipitaciones ser\u00edan por dem\u00e1s escasas.<\/p>\n\n\n\n<p>La primavera meteorol\u00f3gica empez\u00f3 oficialmente este domingo 1 de septiembre y este a\u00f1o se perfila como una estaci\u00f3n un poco at\u00edpica en t\u00e9rminos clim\u00e1ticos, con prevalencia de condiciones m\u00e1s secas y m\u00e1s calurosas de lo habitual en amplias regiones del pa\u00eds.<\/p>\n\n\n\n<p>Para los meses de septiembre, octubre y noviembre, se espera que el fen\u00f3meno ENOS, que incluye tanto El Ni\u00f1o como La Ni\u00f1a, se mantenga en condiciones neutras. Esto significa que, aunque no se espera la presencia dominante de estos fen\u00f3menos, los patrones clim\u00e1ticos a menor escala podr\u00edan generar cambios m\u00e1s pronunciados y localizados.<\/p>\n\n\n\n<p>Ante la consulta de Infobae, la comunicadora del Servicio Meteorol\u00f3gico Nacional (SMN), Cindy Fern\u00e1ndez, se\u00f1al\u00f3 que en el centro y norte del pa\u00eds, el pron\u00f3stico trimestral anticipa que &#8220;van a predominar temperaturas superiores a las normales para la \u00e9poca y condiciones de menos lluvias que las habituales&#8221;.<\/p>\n\n\n\n<p>&#8220;Estas condiciones pueden estar relacionadas con un mayor predominio de altas presiones en el norte, lo que favorece que predominen los d\u00edas con menos nubosidad, vientos del norte y ambiente m\u00e1s seco&#8221;, agreg\u00f3 la vocera del SMN.<\/p>\n\n\n\n<p><\/p>\n\n\n\n<p>El informe confirma que el clima mostrar\u00e1 fen\u00f3menos meteorol\u00f3gicos poco habituales para la \u00e9poca como ocurri\u00f3 este invierno, con un mayo que bati\u00f3 r\u00e9cords de fr\u00edo, se espera que las temperaturas sean superiores a lo normal para la \u00e9poca en la Ciudad de Buenos Aires y otras 17 provincias: Buenos Aires, La Pampa, Mendoza, San Juan, San Luis, C\u00f3rdoba, Santa Fe, Entre R\u00edos, Corrientes, Misiones, Santiago del Estero, Chaco, Formosa, La Rioja, Catamarca, Tucum\u00e1n, Salta y Jujuy.<\/p>\n\n\n\n<p>El informe del SMN prev\u00e9 que la temperatura media durante la primavera ser\u00e1 superior a la normal en gran parte del centro y norte del pa\u00eds. Las probabilidades de que esto ocurra son particularmente altas en la regi\u00f3n del Noroeste, lo que podr\u00eda llevar a condiciones de calor extremo en una zona donde las temperaturas ya son naturalmente elevadas durante esta estaci\u00f3n.<\/p>\n\n\n\n<p>En cuanto a las precipitaciones para esta primavera, se espera que gran parte del territorio experimente lluvias por debajo de los niveles normales. Las regiones m\u00e1s afectadas incluir\u00e1n el norte del Litoral, gran parte del Noroeste Argentino (NOA), Buenos Aires, La Pampa y la Patagonia.<\/p>\n\n\n\n<p>Precisamente, Corrientes tendr\u00e1 una probabilidad alta de registrar niveles de precipitaci\u00f3n normales o inferiores a lo normal, un escenario que podr\u00eda exacerbar la situaci\u00f3n en zonas ya afectadas por la sequ\u00eda.<\/p>\n\n\n\n<p>Para la regi\u00f3n Norte, C\u00f3rdoba, Santa Fe, Entre R\u00edos y la regi\u00f3n de Cuyo, donde se anticipa que las lluvias ser\u00e1n inferiores a lo normal. La falta en estas \u00e1reas, cruciales para la agricultura y la ganader\u00eda, podr\u00eda tener un impacto considerable en la producci\u00f3n de cultivos y la disponibilidad de agua para el riego.<\/p>\n\n\n\n<h2 class=\"wp-block-heading\">M\u00e1s pron\u00f3sticos alarmantes para el NEA<\/h2>\n\n\n\n<p>El meteor\u00f3logo del Instituto Uruguayo de Meteorolog\u00eda (INUMET), Mario Bidegain, sostuvo que en septiembre el calor llegar\u00e1 acompa\u00f1ado de temperaturas significativamente m\u00e1s altas de lo normal. Los pa\u00edses m\u00e1s afectados ser\u00e1n Argentina, Brasil y Uruguay.<\/p>\n\n\n\n<p>Seg\u00fan Bidegain, se prev\u00e9 que las anomal\u00edas de temperatura sean extremas en \u00e1reas del norte de Argentina. Principalmente, ser\u00e1n alcanzadas las provincias de Chaco, Formosa, Misiones y Corrientes. Algunos sectores del noroeste tambi\u00e9n tendr\u00edan temperaturas marcadas.<\/p>\n\n\n\n<p>En esas \u00e1reas se esperan ascensos de entre 6 \u00b0C y 10 \u00b0C sobre los valores normales para esta fecha del a\u00f1o. Y de 2\u00b0C a 4\u00b0C en el centro del pa\u00eds.<\/p>\n\n\n\n<p>Tambi\u00e9n la informaci\u00f3n m\u00e1s alarmante surgi\u00f3 desde el observatorio meteorol\u00f3gico brasile\u00f1o METSUL. &#8220;Septiembre ser\u00e1 un mes de extremos en Brasil con el protagonismo del calor, que ser\u00e1 excesivo con muchos d\u00edas calurosos y temperaturas alt\u00edsimas en varios estados del pa\u00eds, lo que provocar\u00e1 muchos incendios con un gran n\u00famero de incendios&#8221;, informaron desde la agencia. Tambi\u00e9n se detall\u00f3 que en el centro-oeste brasile\u00f1o la m\u00e1xima superar\u00e1 los 40\u00b0C.<\/p>\n\n\n\n<p>Indudablemente estos pron\u00f3sticos hacen prever que ser\u00e1 una de las primaveras m\u00e1s calurosas en Sudam\u00e9rica, con temperaturas por arriba de 40\u00baC y m\u00e1ximas a\u00fan superiores. Habr\u00e1 que prestar atenci\u00f3n a las condiciones de sequ\u00eda que se presenten.<\/p>\n","protected":false},"excerpt":{"rendered":"<p>El Servicio Meteorol\u00f3gico Nacional anunci\u00f3 que las temperaturas estar\u00e1n por encima de lo normal. Adem\u00e1s, podr\u00eda repetirse una situaci\u00f3n de sequ\u00eda extrema. El informe trimestral elaborado por el Servicio Meteorol\u00f3gico&hellip; <\/p>\n","protected":false},"author":12,"featured_media":163558,"comment_status":"closed","ping_status":"open","sticky":false,"template":"","format":"standard","meta":{"footnotes":""},"categories":[29,8],"tags":[],"class_list":["post-163545","post","type-post","status-publish","format-standard","has-post-thumbnail","hentry","category-clima","category-locales"],"_links":{"self":[{"href":"https:\/\/corrientesdetarde.com\/index.php\/wp-json\/wp\/v2\/posts\/163545","targetHints":{"allow":["GET"]}}],"collection":[{"href":"https:\/\/corrientesdetarde.com\/index.php\/wp-json\/wp\/v2\/posts"}],"about":[{"href":"https:\/\/corrientesdetarde.com\/index.php\/wp-json\/wp\/v2\/types\/post"}],"author":[{"embeddable":true,"href":"https:\/\/corrientesdetarde.com\/index.php\/wp-json\/wp\/v2\/users\/12"}],"replies":[{"embeddable":true,"href":"https:\/\/corrientesdetarde.com\/index.php\/wp-json\/wp\/v2\/comments?post=163545"}],"version-history":[{"count":1,"href":"https:\/\/corrientesdetarde.com\/index.php\/wp-json\/wp\/v2\/posts\/163545\/revisions"}],"predecessor-version":[{"id":163559,"href":"https:\/\/corrientesdetarde.com\/index.php\/wp-json\/wp\/v2\/posts\/163545\/revisions\/163559"}],"wp:featuredmedia":[{"embeddable":true,"href":"https:\/\/corrientesdetarde.com\/index.php\/wp-json\/wp\/v2\/media\/163558"}],"wp:attachment":[{"href":"https:\/\/corrientesdetarde.com\/index.php\/wp-json\/wp\/v2\/media?parent=163545"}],"wp:term":[{"taxonomy":"category","embeddable":true,"href":"https:\/\/corrientesdetarde.com\/index.php\/wp-json\/wp\/v2\/categories?post=163545"},{"taxonomy":"post_tag","embeddable":true,"href":"https:\/\/corrientesdetarde.com\/index.php\/wp-json\/wp\/v2\/tags?post=163545"}],"curies":[{"name":"wp","href":"https:\/\/api.w.org\/{rel}","templated":true}]}}