{"id":163549,"date":"2024-09-03T07:24:50","date_gmt":"2024-09-03T10:24:50","guid":{"rendered":"https:\/\/corrientesdetarde.com\/?p=163549"},"modified":"2024-09-03T07:24:54","modified_gmt":"2024-09-03T10:24:54","slug":"valdes-reitero-el-reclamo-a-milei-por-la-multimillonaria-deuda-de-anses","status":"publish","type":"post","link":"https:\/\/corrientesdetarde.com\/index.php\/politica\/valdes-reitero-el-reclamo-a-milei-por-la-multimillonaria-deuda-de-anses\/","title":{"rendered":"Vald\u00e9s reiter\u00f3 el reclamo a Milei por la multimillonaria deuda de ANSES"},"content":{"rendered":"\n<p>Al presidir actos de gobierno, el Mandatario correntino insisti\u00f3 en pedir que el Estado nacional pague la deuda por la compensaci\u00f3n previsional entre 2017 y 2023. A esos a\u00f1os se suman los $400 millones de los ocho meses de 2024.<a href=\"https:\/\/api.whatsapp.com\/send?text=Vald%C3%A9s%20reiter%C3%B3%20el%20reclamo%20a%20Milei%20por%20la%20multimillonaria%20deuda%20de%20ANSES%20-%20https:\/\/www.diarioepoca.com\/1331192-valdes-reitero-el-reclamo-a-milei-por-la-multimillonaria-deuda-de-anses?utm_source=WhatsApp%26utm_medium=WhatsApp%26utm_campaign=WhatsApp%26utm_term=WhatsApp\" target=\"_blank\" rel=\"noreferrer noopener\"><\/a><a href=\"https:\/\/www.diarioepoca.com\/1331192-valdes-reitero-el-reclamo-a-milei-por-la-multimillonaria-deuda-de-anses#\"><\/a><a href=\"https:\/\/www.diarioepoca.com\/1331192-valdes-reitero-el-reclamo-a-milei-por-la-multimillonaria-deuda-de-anses#\"><\/a><\/p>\n\n\n\n<p>&#8220;Naci\u00f3n nos debe 150 mil millones de pesos por deudas de ANSES&#8221;, afirm\u00f3 el gobernador, Gustavo Vald\u00e9s, al encabezar el lunes por la ma\u00f1ana un acto de entrega de equipos para hospitales y Centros de Atenci\u00f3n Primaria de la Salud. De esa forma, el Jefe del Estado provincial reiter\u00f3 un reclamo al Gobierno central que lleva varios a\u00f1os.<\/p>\n\n\n\n<p>El Mandatario adem\u00e1s afirm\u00f3 que esa deuda representa unos 100 millones de d\u00f3lares y expres\u00f3 su deseo que la Corte Suprema de Justicia falle a favor de la provincia, al hacer menci\u00f3n a las demandas que present\u00f3 su administraci\u00f3n para reclamar el cumplimiento por parte del Estado nacional.<\/p>\n\n\n\n<p>&#8220;Lo que le reclamamos a Naci\u00f3n es que nos paguen a los correntinos los 150 mil millones que nos debe ANSES, por ley est\u00e1n obligado a hacerlo, es cerca de cien millones de d\u00f3lares, demandamos judicialmente al Estado. Ojal\u00e1 que la Corte nos pueda reconocer porque es nuestro dinero y nos deben por ley&#8221;, indic\u00f3 al terminar el acto en el Hospital de Campa\u00f1a en el cual entreg\u00f3 a directores de centros asistencias de todos los niveles equipamiento para un mejor funcionamiento.<\/p>\n\n\n\n<p>En la charla con los periodistas que fueron al centro asistencial, el Gobernador hizo referencia a los reclamos, que d\u00edas atr\u00e1s el titular del Instituto de Previsi\u00f3n Social, H\u00e9ctor L\u00f3pez, cuantific\u00f3 en 153 mil millones de pesos m\u00e1s otros 400 millones por el recorte total de fondos, por parte del Gobierno federal que preside Javier Milei, desde enero a la fecha.<\/p>\n\n\n\n<p>Quien dio una cifra m\u00e1s exacta fue el Interventor del Instituto de Previsi\u00f3n Social (IPS) quien destac\u00f3 la deuda de la Administraci\u00f3n Nacional de la Seguridad Social (ANSES) con la Provincia ha alcanzado los 153 mil millones de pesos, con un adicional de 400 millones correspondientes al a\u00f1o 2024.<\/p>\n\n\n\n<p>El funcionario tambi\u00e9n reconoci\u00f3 que hay di\u00e1logo de gesti\u00f3n con funcionarios del organismo nacional por la deuda y otros asuntos relacionados.<\/p>\n\n\n\n<p>En ese contexto, L\u00f3pez inform\u00f3 que ya est\u00e1n consolidadas auditor\u00edas de los a\u00f1os 2017 y 2018 y se espera la resoluci\u00f3n final. Actualmente, el trabajo se enfoca en la auditor\u00eda de 2019.<\/p>\n\n\n\n<p>Adem\u00e1s mencion\u00f3 que el propio Gobernador viaj\u00f3 a la Ciudad Aut\u00f3noma de Buenos Aires para conversar con las autoridades de la ANSES para insistir con el reclamo de la asistencia financiera que, por ley, corresponde al IPS.<\/p>\n\n\n\n<p>El funcionario remarc\u00f3 que en estos nueve meses Corrientes no ha recibido ning\u00fan tipo de asistencia financiera de ANSES en 2024, lo cual es motivo de preocupaci\u00f3n para la provincia.<\/p>\n\n\n\n<p>L\u00f3pez tambi\u00e9n resalt\u00f3 que entre 2017 y 2023 el d\u00e9ficit del IPS, restando la asistencia financiera recibida de ANSES, se estima en $39 mil millones. Detall\u00f3 que al aplicar la tasa pasiva de inter\u00e9s, este d\u00e9ficit se increment\u00f3 a 114 mil millones de pesos. Sumando el d\u00e9ficit inicial y los intereses acumulados, la deuda total asciende a $153 mil millones.<\/p>\n\n\n\n<p>En diciembre de 2023, ANSES envi\u00f3 $48 millones al IPS y se estima que el promedio mensual ronda los $50 millones. Al multiplicarlos por los ocho meses transcurridos en 2024, posee un d\u00e9ficit adicional de $400 millones.<\/p>\n\n\n\n<h2 class=\"wp-block-heading\">Demandas<\/h2>\n\n\n\n<p>El Gobierno de Corrientes espera las decisiones de la Corte Suprema de Justicia de la Naci\u00f3n por las demandas que la provincia de Corrientes tiene contra el Gobierno nacional por los fondos previsionales, regal\u00edas de las represas hidroel\u00e9ctricas de Yacyret\u00e1 y Salto Grande; as\u00ed como los fondos ca\u00eddos de coparticipaci\u00f3n por los cambios en el Impuesto a las Ganancias que se instrument\u00f3 en la presidencia de Alberto Fern\u00e1ndez. Las presentaciones est\u00e1n a cargo del fiscal de Estado, Horacio Ortega, quien promueve las demandas.<\/p>\n\n\n\n<h2 class=\"wp-block-heading\">Inversi\u00f3n en salud y preservaci\u00f3n ecol\u00f3gica<\/h2>\n\n\n\n<figure class=\"wp-block-image\"><img decoding=\"async\" src=\"https:\/\/www.diarioepoca.com\/content\/bucket\/6\/1382026w380h284c.jpg.webp\" alt=\"\"\/><\/figure>\n\n\n\n<p>Ayer el gobernador, Gustavo Vald\u00e9s, encabez\u00f3 varios actos de gesti\u00f3n, uno en el Hospital de Campa\u00f1a de Capital con la entrega de equipo sanitario de alta complejidad y otro en la reserva de San Cayetano con el aporte de veh\u00edculos y embarcaciones para el desenvolvimiento de 78 guardaparques que prestan servicios en distintos puntos de la provincia. Se trata de uniformes, camionetas, lanchas, UTV 4X4 y cuatriciclos para la conservaci\u00f3n de la flora y fauna local.<\/p>\n\n\n\n<p>Remarc\u00f3 que &#8220;crecimos en el \u00faltimo tiempo y lo seguimos haciendo, as\u00ed como en este parque, en otras reservas nuevas como el de la Laguna Camb\u00e1 e Isor\u00f3, que son las dos \u00faltimas concreciones que tenemos&#8221;.<\/p>\n\n\n\n<p>Con el fin de optimizar los servicios y seguir fortaleciendo la atenci\u00f3n primaria de la salud, el Gobernador entreg\u00f3 equipamiento a hospitales y CAPS de toda la provincia en un acto realizado ayer en el Hospital de Campa\u00f1a.<\/p>\n\n\n\n<figure class=\"wp-block-image\"><img decoding=\"async\" src=\"https:\/\/www.diarioepoca.com\/content\/bucket\/7\/1382027w380h284c.jpg.webp\" alt=\"\"\/><\/figure>\n\n\n\n<p>Por la ma\u00f1ana en el Campa\u00f1a se hizo efectiva la entrega de equipos de Rayos x., arco en C, ec\u00f3grafos, sillones y elementos odontol\u00f3gicos, sillones y elementos para Neonatolog\u00edas, autoanalizadores y otros equipos para Laboratorio, equipamiento para quir\u00f3fanos, mobiliarios, equipos inform\u00e1ticos y de refrigeraci\u00f3n, entre otros elementos.<\/p>\n\n\n\n<p>El Mandatario resalt\u00f3 la millonaria inversi\u00f3n de la Provincia, como parte de un trabajo conjunto entre la Subsecretar\u00eda de Atenci\u00f3n Primaria de la Salud y la Direcci\u00f3n General de Administraci\u00f3n, correspondiente principalmente a la adquisici\u00f3n de equipos m\u00e9dicos de alta complejidad como los mencionados.<\/p>\n","protected":false},"excerpt":{"rendered":"<p>Al presidir actos de gobierno, el Mandatario correntino insisti\u00f3 en pedir que el Estado nacional pague la deuda por la compensaci\u00f3n previsional entre 2017 y 2023. A esos a\u00f1os se&hellip; <\/p>\n","protected":false},"author":12,"featured_media":163550,"comment_status":"closed","ping_status":"open","sticky":false,"template":"","format":"standard","meta":{"footnotes":""},"categories":[26,3],"tags":[],"class_list":["post-163549","post","type-post","status-publish","format-standard","has-post-thumbnail","hentry","category-destacados","category-politica"],"_links":{"self":[{"href":"https:\/\/corrientesdetarde.com\/index.php\/wp-json\/wp\/v2\/posts\/163549","targetHints":{"allow":["GET"]}}],"collection":[{"href":"https:\/\/corrientesdetarde.com\/index.php\/wp-json\/wp\/v2\/posts"}],"about":[{"href":"https:\/\/corrientesdetarde.com\/index.php\/wp-json\/wp\/v2\/types\/post"}],"author":[{"embeddable":true,"href":"https:\/\/corrientesdetarde.com\/index.php\/wp-json\/wp\/v2\/users\/12"}],"replies":[{"embeddable":true,"href":"https:\/\/corrientesdetarde.com\/index.php\/wp-json\/wp\/v2\/comments?post=163549"}],"version-history":[{"count":1,"href":"https:\/\/corrientesdetarde.com\/index.php\/wp-json\/wp\/v2\/posts\/163549\/revisions"}],"predecessor-version":[{"id":163551,"href":"https:\/\/corrientesdetarde.com\/index.php\/wp-json\/wp\/v2\/posts\/163549\/revisions\/163551"}],"wp:featuredmedia":[{"embeddable":true,"href":"https:\/\/corrientesdetarde.com\/index.php\/wp-json\/wp\/v2\/media\/163550"}],"wp:attachment":[{"href":"https:\/\/corrientesdetarde.com\/index.php\/wp-json\/wp\/v2\/media?parent=163549"}],"wp:term":[{"taxonomy":"category","embeddable":true,"href":"https:\/\/corrientesdetarde.com\/index.php\/wp-json\/wp\/v2\/categories?post=163549"},{"taxonomy":"post_tag","embeddable":true,"href":"https:\/\/corrientesdetarde.com\/index.php\/wp-json\/wp\/v2\/tags?post=163549"}],"curies":[{"name":"wp","href":"https:\/\/api.w.org\/{rel}","templated":true}]}}