{"id":163560,"date":"2024-09-03T09:05:19","date_gmt":"2024-09-03T12:05:19","guid":{"rendered":"https:\/\/corrientesdetarde.com\/?p=163560"},"modified":"2024-09-03T11:48:57","modified_gmt":"2024-09-03T14:48:57","slug":"tamara-baez-revelo-la-dificil-razon-que-la-llevo-a-dedicarse-a-compartir-contenido-en-las-redes","status":"publish","type":"post","link":"https:\/\/corrientesdetarde.com\/index.php\/espectaculos\/tamara-baez-revelo-la-dificil-razon-que-la-llevo-a-dedicarse-a-compartir-contenido-en-las-redes\/","title":{"rendered":"Tamara B\u00e1ez revel\u00f3 la dif\u00edcil raz\u00f3n que la llev\u00f3 a dedicarse a compartir contenido en las redes"},"content":{"rendered":"\n<p>Cada tanto,\u00a0<strong>Tamara B\u00e1ez<\/strong> expone todav\u00eda m\u00e1s su intimidad a partir de las preguntas que sus fan\u00e1ticos le hacen sin filtros. Este martes, la influencer se\u00a0<strong>abri\u00f3 como nunca<\/strong>\u00a0frente a las dudas de sus seguidores.<\/p>\n\n\n\n<p>Una de las followers busc\u00f3 saber qu\u00e9 es lo que la hab\u00eda motivado un d\u00eda para poder compartir contenido en sus perfiles p\u00fablicos<strong>. \u201c\u00bfC\u00f3mo fue que empezaste a dedicarte a las redes?<\/strong>&nbsp;Yo tambi\u00e9n quiero pero soy re t\u00edmida\u201d, aport\u00f3.<\/p>\n\n\n\n<p>La raz\u00f3n tuvo que ver con una realidad econ\u00f3mica.&nbsp;<strong>\u201cNecesitaba plata<\/strong>. Me ten\u00eda que grabar hablando, para los sorteos, recomendar cosas para los emprendimientos, no me animaba, me daba mucha verg\u00fcenza\u201d, respondi\u00f3 Tami.<\/p>\n\n\n\n<p>Sin embargo, advirti\u00f3 que no estar\u00eda publicando tanto material como le gustar\u00eda. \u201c<strong>Igual no le meto c\u00f3mo le tendr\u00eda que meter<\/strong>. Quiz\u00e1s cuando tenga m\u00e1s tiempo s\u00ed\u201d, afirm\u00f3.<\/p>\n\n\n\n<figure class=\"wp-block-image\"><img decoding=\"async\" src=\"https:\/\/tn.com.ar\/resizer\/v2\/tamara-baez-conto-por-que-se-inicio-como-influencer-foto-instagramtamarabaez777-QWEH7UCLBZEZ3DJ4PWKFCPJHL4.JPG?auth=209f3dae3d4f52b3ef6751b923dd62550b17b67b3d2abcc9b622f2fbdf5153b4&amp;width=767\" alt=\"Tamara B\u00e1ez cont\u00f3 por qu\u00e9 se inici\u00f3 como influencer. (Foto: Instagram\/tamarabaez777)\"\/><figcaption class=\"wp-element-caption\">Tamara B\u00e1ez cont\u00f3 por qu\u00e9 se inici\u00f3 como influencer. (Foto: Instagram\/tamarabaez777)<\/figcaption><\/figure>\n\n\n\n<p>Luego, sigui\u00f3 respondiendo aspectos de su intimidad a partir de las dudas de sus&nbsp;<em>followers<\/em>. Alguien le sugiri\u00f3 que se volviera a cambiar el color de pelo a rubio y<strong>&nbsp;Tamara fue tajante<\/strong>. \u201cEstoy tratando de re cuidar mi pelo. Si vuelvo al rubio me quedo pelada\u201d, lanz\u00f3.<\/p>\n\n\n\n<p><strong>\u201c\u00bfTami te duelen los dientes por los brackets?\u201d<\/strong>, pregunt\u00f3 una fan\u00e1tica. \u201cNo, no me duelen. Me tienen que colocar los de abajo pero la estoy haciendo relarga para sacarme las muelas de juicio. Me va a matar la doc\u201d, devolvi\u00f3.<\/p>\n\n\n\n<p>Finalmente, Tamara adelant\u00f3 que la tem\u00e1tica con la que le festejar\u00e1 el cumplea\u00f1os a su hija Jamaica est\u00e1 relacionada con la pel\u00edcula Frozen, una de las favoritas de la nena. Si bien el cumplea\u00f1os de su hija ser\u00e1 el 13 de septiembre,<strong>&nbsp;la influencer confirm\u00f3 que lo van a celebrar el 22&nbsp;<\/strong>debido a que L-Gante, en esa fecha, est\u00e1 de gira por el exterior.<\/p>\n\n\n\n<h2 class=\"wp-block-heading\">La sorpresa de Tamara B\u00e1ez para Jamaica<\/h2>\n\n\n\n<p><strong>Hace un par de semanas,\u00a0Tamara B\u00e1ez<\/strong> mostr\u00f3 la sorpresa que le hizo a su hija\u00a0<strong>Jamaica\u00a0<\/strong>por el\u00a0<strong>D\u00eda de la Ni\u00f1ez<\/strong>. A trav\u00e9s de sus redes sociales, la medi\u00e1tica comparti\u00f3 la\u00a0<strong>reacci\u00f3n\u00a0<\/strong>de la nena de dos a\u00f1os y le dedic\u00f3 un\u00a0<strong>conmovedor mensaje<\/strong>.<\/p>\n\n\n\n<figure class=\"wp-block-image\"><img decoding=\"async\" src=\"https:\/\/tn.com.ar\/resizer\/v2\/tamara-baez-decoro-parte-de-su-casa-para-recibir-el-dia-de-la-ninez-foto-instagramtamarabaez777-E6IPTGTDTRGSBDGRA56N2J2U3Q.png?auth=e2c7ceb1abba4496e315584e0b87c050644ec16500029ce35dde79e204cbc6db&amp;width=767\" alt=\"Tamara Ba\u00e9z decor\u00f3 parte de su casa para recibir el D\u00eda de la Ni\u00f1ez. (Foto: Instagram\/tamarabaez777)\"\/><figcaption class=\"wp-element-caption\">Tamara Ba\u00e9z decor\u00f3 parte de su casa para recibir el D\u00eda de la Ni\u00f1ez. (Foto: Instagram\/tamarabaez777)<\/figcaption><\/figure>\n\n\n\n<p>La ex de L-Gante public\u00f3 un video en Instagram en el que demostr\u00f3 la emoci\u00f3n de la peque\u00f1a por el&nbsp;<strong>regalo&nbsp;<\/strong>que le prepar\u00f3 su mam\u00e1. \u201c<strong>Feliz y agradecida, as\u00ed ten\u00e9s que ser siempre, hija m\u00eda\u201d<\/strong>, destac\u00f3 ella.<\/p>\n\n\n\n<p><strong>\u201cDecor\u00e9 la casa por el D\u00eda del Ni\u00f1o y ella piensa que es su cumplea\u00f1os\u201d<\/strong>, escribi\u00f3 Tamara. En la publicaci\u00f3n se pod\u00eda ver que colg\u00f3 en la pared una&nbsp;<strong>cortina de colores<\/strong>, globos de&nbsp;<strong>pelotas&nbsp;<\/strong>de f\u00fatbol y un&nbsp;<strong>arco\u00edris&nbsp;<\/strong>en el centro.<\/p>\n","protected":false},"excerpt":{"rendered":"<p>Cada tanto,\u00a0Tamara B\u00e1ez expone todav\u00eda m\u00e1s su intimidad a partir de las preguntas que sus fan\u00e1ticos le hacen sin filtros. Este martes, la influencer se\u00a0abri\u00f3 como nunca\u00a0frente a las dudas&hellip; <\/p>\n","protected":false},"author":12,"featured_media":163576,"comment_status":"closed","ping_status":"open","sticky":false,"template":"","format":"standard","meta":{"footnotes":""},"categories":[19],"tags":[],"class_list":["post-163560","post","type-post","status-publish","format-standard","has-post-thumbnail","hentry","category-espectaculos"],"_links":{"self":[{"href":"https:\/\/corrientesdetarde.com\/index.php\/wp-json\/wp\/v2\/posts\/163560","targetHints":{"allow":["GET"]}}],"collection":[{"href":"https:\/\/corrientesdetarde.com\/index.php\/wp-json\/wp\/v2\/posts"}],"about":[{"href":"https:\/\/corrientesdetarde.com\/index.php\/wp-json\/wp\/v2\/types\/post"}],"author":[{"embeddable":true,"href":"https:\/\/corrientesdetarde.com\/index.php\/wp-json\/wp\/v2\/users\/12"}],"replies":[{"embeddable":true,"href":"https:\/\/corrientesdetarde.com\/index.php\/wp-json\/wp\/v2\/comments?post=163560"}],"version-history":[{"count":2,"href":"https:\/\/corrientesdetarde.com\/index.php\/wp-json\/wp\/v2\/posts\/163560\/revisions"}],"predecessor-version":[{"id":163620,"href":"https:\/\/corrientesdetarde.com\/index.php\/wp-json\/wp\/v2\/posts\/163560\/revisions\/163620"}],"wp:featuredmedia":[{"embeddable":true,"href":"https:\/\/corrientesdetarde.com\/index.php\/wp-json\/wp\/v2\/media\/163576"}],"wp:attachment":[{"href":"https:\/\/corrientesdetarde.com\/index.php\/wp-json\/wp\/v2\/media?parent=163560"}],"wp:term":[{"taxonomy":"category","embeddable":true,"href":"https:\/\/corrientesdetarde.com\/index.php\/wp-json\/wp\/v2\/categories?post=163560"},{"taxonomy":"post_tag","embeddable":true,"href":"https:\/\/corrientesdetarde.com\/index.php\/wp-json\/wp\/v2\/tags?post=163560"}],"curies":[{"name":"wp","href":"https:\/\/api.w.org\/{rel}","templated":true}]}}