{"id":163561,"date":"2024-09-03T09:03:15","date_gmt":"2024-09-03T12:03:15","guid":{"rendered":"https:\/\/corrientesdetarde.com\/?p=163561"},"modified":"2024-09-03T09:03:26","modified_gmt":"2024-09-03T12:03:26","slug":"se-completo-el-grupo-de-la-seleccion-argentina-llegaron-dybala-paredes-garnacho-y-soule","status":"publish","type":"post","link":"https:\/\/corrientesdetarde.com\/index.php\/deportes\/se-completo-el-grupo-de-la-seleccion-argentina-llegaron-dybala-paredes-garnacho-y-soule\/","title":{"rendered":"Se complet\u00f3 el grupo de la Selecci\u00f3n argentina: llegaron Dybala, Paredes, Garnacho y Soul\u00e9"},"content":{"rendered":"\n<p>Se complet\u00f3 el grupo de la Selecci\u00f3n argentina: llegaron Dybala, Paredes, Garnacho y Soul\u00e9 (Fotos y video: ESPN).<\/p>\n\n\n\n<p>Este martes se complet\u00f3 el grupo de la\u00a0<strong>Selecci\u00f3n argentina<\/strong>\u00a0para la doble fecha de\u00a0<strong>Eliminatorias\u00a0<\/strong>ante\u00a0<strong>Chile y Colombia<\/strong>. Por la ma\u00f1ana llegaron al pa\u00eds\u00a0<strong>Paulo Dybala, Leandro Paredes, Alejandro Garnacho y Mat\u00edas Soul\u00e9 y, entonces, ya est\u00e1n todos los convocados<\/strong>. M\u00e1s temprano lo hab\u00eda hecho Walter Ben\u00edtez.<\/p>\n\n\n\n<p>Lionel Scaloni tendr\u00e1 a todos sus jugadores citados para el entrenamiento de este martes por la tarde en el predio de la AFA en Ezeiza. En las \u00faltimas horas arribaron al pa\u00eds<strong>&nbsp;los 12 futbolistas que no estuvieron en el ensayo del lunes<\/strong>&nbsp;y de esta manera el DT campe\u00f3n del mundo podr\u00e1 trabajar con el plantel completo.<\/p>\n\n\n\n<figure class=\"wp-block-image\"><img decoding=\"async\" src=\"https:\/\/tn.com.ar\/resizer\/v2\/https%3A%2F%2Fthumbs.vodgc.net%2F1-398-pLmgQ51725363991178_1080P.jpg?auth=a4f698893fce210948eb247016a7aef3d2d677ec94cb6db6aa046dfbe3e032e6&amp;width=767\" alt=\"Video Placeholder\"\/><\/figure>\n\n\n\n<p>Paredes habl\u00f3 al llegar a la Argentina (Video: @SC_ESPN).<\/p>\n\n\n\n<p>El entrenamiento de hoy<strong>&nbsp;comenzar\u00e1 a las 17<\/strong>&nbsp;y los \u00faltimos 15 minutos ser\u00e1n abiertos a los medios acreditados de manera anual por la AFA. Scaloni aprovechar\u00e1 para&nbsp;<strong>ajustar detalles a contra reloj<\/strong>&nbsp;ya que el partido ante Chile ser\u00e1 este jueves a las 21 en el estadio Monumental. No le sobra el tiempo.<\/p>\n\n\n\n<figure class=\"wp-block-image\"><img decoding=\"async\" src=\"https:\/\/tn.com.ar\/resizer\/v2\/la-seleccion-argentina-en-el-entrenamiento-del-lunes-foto-xargentina-TNX5GKVBBZHLDPBNZRMKGYXGCQ.jfif?auth=12dc0b6a5b779120356831ad079545a98f463b904ea2efa96f79c3da6a7fca25&amp;width=767\" alt=\"La Selecci\u00f3n argentina, en el entrenamiento del lunes (Foto: X\/@Argentina)\"\/><figcaption class=\"wp-element-caption\">La Selecci\u00f3n argentina, en el entrenamiento del lunes (Foto: X\/@Argentina)<\/figcaption><\/figure>\n\n\n\n<p>Para esta oportunidad\u00a0<strong>Argentina no tendr\u00e1 a Lionel Messi<\/strong>, quien se recupera de una lesi\u00f3n. El que tampoco jugar\u00e1 es \u00c1ngel Di Mar\u00eda tras anunciar su retiro del combinado nacional. Fideo, de todos modos,\u00a0<strong>estar\u00e1 presente en el estadio ya que recibir\u00e1 un homenaje<\/strong>.<\/p>\n\n\n\n<h2 class=\"wp-block-heading\">C\u00f3mo ser\u00e1n los pr\u00f3ximos d\u00edas de la Selecci\u00f3n argentina<\/h2>\n\n\n\n<p><strong>Martes 3 de septiembre<\/strong><\/p>\n\n\n\n<ul class=\"wp-block-list\">\n<li>A las 17: entrenamiento (los \u00faltimos 15 minutos ser\u00e1n abiertos a los medios acreditados de manera anual por la AFA).<\/li>\n<\/ul>\n\n\n\n<p><strong>Mi\u00e9rcoles 4 de septiembre<\/strong><\/p>\n\n\n\n<ul class=\"wp-block-list\">\n<li>A las 11.30 habr\u00e1 conferencia de Lionel Scaloni<\/li>\n\n\n\n<li>A las 17 habr\u00e1 entrenamiento a puertas cerrada y luego el plantel quedar\u00e1 concentrado.<\/li>\n<\/ul>\n\n\n\n<h2 class=\"wp-block-heading\">Cu\u00e1ndo juega la Selecci\u00f3n argentina por las Eliminatorias<\/h2>\n\n\n\n<ul class=\"wp-block-list\">\n<li>Este jueves a las 21 la Albiceleste recibir\u00e1 a Chile en el Monumental.<\/li>\n\n\n\n<li>El martes 10 de septiembre a las 17.30 la Albiceleste visitar\u00e1 a Colombia en Barranquilla.<\/li>\n<\/ul>\n","protected":false},"excerpt":{"rendered":"<p>Se complet\u00f3 el grupo de la Selecci\u00f3n argentina: llegaron Dybala, Paredes, Garnacho y Soul\u00e9 (Fotos y video: ESPN). Este martes se complet\u00f3 el grupo de la\u00a0Selecci\u00f3n argentina\u00a0para la doble fecha&hellip; <\/p>\n","protected":false},"author":12,"featured_media":163574,"comment_status":"closed","ping_status":"open","sticky":false,"template":"","format":"standard","meta":{"footnotes":""},"categories":[4],"tags":[],"class_list":["post-163561","post","type-post","status-publish","format-standard","has-post-thumbnail","hentry","category-deportes"],"_links":{"self":[{"href":"https:\/\/corrientesdetarde.com\/index.php\/wp-json\/wp\/v2\/posts\/163561","targetHints":{"allow":["GET"]}}],"collection":[{"href":"https:\/\/corrientesdetarde.com\/index.php\/wp-json\/wp\/v2\/posts"}],"about":[{"href":"https:\/\/corrientesdetarde.com\/index.php\/wp-json\/wp\/v2\/types\/post"}],"author":[{"embeddable":true,"href":"https:\/\/corrientesdetarde.com\/index.php\/wp-json\/wp\/v2\/users\/12"}],"replies":[{"embeddable":true,"href":"https:\/\/corrientesdetarde.com\/index.php\/wp-json\/wp\/v2\/comments?post=163561"}],"version-history":[{"count":1,"href":"https:\/\/corrientesdetarde.com\/index.php\/wp-json\/wp\/v2\/posts\/163561\/revisions"}],"predecessor-version":[{"id":163575,"href":"https:\/\/corrientesdetarde.com\/index.php\/wp-json\/wp\/v2\/posts\/163561\/revisions\/163575"}],"wp:featuredmedia":[{"embeddable":true,"href":"https:\/\/corrientesdetarde.com\/index.php\/wp-json\/wp\/v2\/media\/163574"}],"wp:attachment":[{"href":"https:\/\/corrientesdetarde.com\/index.php\/wp-json\/wp\/v2\/media?parent=163561"}],"wp:term":[{"taxonomy":"category","embeddable":true,"href":"https:\/\/corrientesdetarde.com\/index.php\/wp-json\/wp\/v2\/categories?post=163561"},{"taxonomy":"post_tag","embeddable":true,"href":"https:\/\/corrientesdetarde.com\/index.php\/wp-json\/wp\/v2\/tags?post=163561"}],"curies":[{"name":"wp","href":"https:\/\/api.w.org\/{rel}","templated":true}]}}