{"id":163562,"date":"2024-09-03T08:59:53","date_gmt":"2024-09-03T11:59:53","guid":{"rendered":"https:\/\/corrientesdetarde.com\/?p=163562"},"modified":"2024-09-03T09:00:05","modified_gmt":"2024-09-03T12:00:05","slug":"el-hermano-de-loan-conto-por-que-burlando-dejo-de-ser-el-abogado-de-la-familia-y-lanzo-una-dura-critica","status":"publish","type":"post","link":"https:\/\/corrientesdetarde.com\/index.php\/sociales\/el-hermano-de-loan-conto-por-que-burlando-dejo-de-ser-el-abogado-de-la-familia-y-lanzo-una-dura-critica\/","title":{"rendered":"El hermano de Loan cont\u00f3 por qu\u00e9 Burlando dej\u00f3 de ser el abogado de la familia y lanz\u00f3 una dura cr\u00edtica"},"content":{"rendered":"\n<p><strong>La salida de Fernando Burlando de la investigaci\u00f3n por la desaparici\u00f3n de Loan Danilo Pe\u00f1a caus\u00f3 un gran revuelo en Corrientes<\/strong>. El reconocido abogado represent\u00f3 a la familia del nene desde el 23 de junio, cuando hab\u00edan pasado s\u00f3lo 10 d\u00edas de b\u00fasqueda, pero la semana pasada fue apartado del caso.<\/p>\n\n\n\n<p>Jos\u00e9 Pe\u00f1a, el hermano de Loan hab\u00eda dicho la semana pasada que su familia estaba muy agradecida con el trabajo de Burlando: \u201cNo era que Burlando no nos diera las respuestas. A Burlando le pusieron muchas trabas, lo trabaron de todos lados y no pudo hacer m\u00e1s\u201d, sostuvo. Sin embargo,\u00a0<strong>Mariano Pe\u00f1a, otro de los hermanos del nene desaparecido, cont\u00f3 su versi\u00f3n y fue mucho m\u00e1s pol\u00e9mico a la hora de referirse a lo sucedido<\/strong>.<\/p>\n\n\n\n<p>Tras ser consultado por la abrupta decisi\u00f3n de la familia de separar a Burlando de la investigaci\u00f3n y dejarla en manos del abogado Roberto M\u00e9ndez, Mariano manifest\u00f3: \u201cHemos decidido unificar la querella para tener m\u00e1s avances. Todav\u00eda falta seguir charlando con la familia sobre lo que tenemos.&nbsp;<strong>Ac\u00e1 hay que bajar los decibeles y volver a reagrupar<\/strong>\u201d.<\/p>\n\n\n\n<figure class=\"wp-block-image\"><img decoding=\"async\" src=\"https:\/\/tn.com.ar\/resizer\/v2\/loan-danilo-pena-lleva-83-dias-desaparecido-foto-gentileza-el-trece-WXHZT7IKU5FPVDKFT7C2XPZCBI.jpg?auth=ef12940ce768c10b9a140853f5204e41f59e13470c7b0aac004d5579a5b6c07f&amp;width=767\" alt=\"Loan Danilo Pe\u00f1a lleva 83 d\u00edas desaparecido. (Foto: gentileza El Trece)\"\/><figcaption class=\"wp-element-caption\">Loan Danilo Pe\u00f1a lleva 83 d\u00edas desaparecido. (Foto: gentileza El Trece)<\/figcaption><\/figure>\n\n\n\n<p>\u201cComo familia hemos tomado una decisi\u00f3n muy fuerte de unificar la querella porque est\u00e1bamos tirando para cualquier lado.\u00a0<strong>Quiz\u00e1s la decisi\u00f3n es muy tarde pero tambi\u00e9n mi mam\u00e1 y mi pap\u00e1 ve\u00edan que no hab\u00eda respuestas.\u00a0<\/strong>Mi mam\u00e1 quiere ir a fondo con todo y lo \u00fanico que quiere es encontrar a Loan al igual que mi pap\u00e1\u201d, profundiz\u00f3 de manera contundente.<\/p>\n\n\n\n<p>\u201cMi mam\u00e1 empieza a exigir y para llegar a Loan hay que seguir muchos pasos porque todo lo que hay detr\u00e1s es muy fuerte. Mi mam\u00e1 en estos d\u00edas empez\u00f3 a entender muchas cosas y empez\u00f3 a exigir hasta que un d\u00eda se cans\u00f3 y nos reunimos toda la familia y conversamos. Hemos tomado la decisi\u00f3n de unificar la querella;&nbsp;<strong>el abogado que venga tiene que trabajar<\/strong>. Mi mam\u00e1 hoy est\u00e1 sin vida y quiere recuperarla\u201d, enfatiz\u00f3.<\/p>\n\n\n\n<p>Para cerrar, Mariano Pe\u00f1a expres\u00f3 que har\u00e1n todo lo que sea necesario para encontrar a Loan y saber qu\u00e9 fue lo que pas\u00f3 con \u00e9l: \u201cNosotros tenemos que reunirnos y ver el d\u00eda a d\u00eda de c\u00f3mo van los pasos.&nbsp;<strong>M\u00e9ndez es nuestro representante y tiene que poner el pecho a la bala<\/strong>. Vamos a tomar las decisiones que tengamos que tomar para poder esclarecer el caso y ver lo que est\u00e1 pasando. No vamos a bajar los brazos, haremos justicia.&nbsp;<strong>No dejaremos que esto se apague; queremos ir por todo<\/strong>\u201d.<\/p>\n","protected":false},"excerpt":{"rendered":"<p>La salida de Fernando Burlando de la investigaci\u00f3n por la desaparici\u00f3n de Loan Danilo Pe\u00f1a caus\u00f3 un gran revuelo en Corrientes. El reconocido abogado represent\u00f3 a la familia del nene&hellip; <\/p>\n","protected":false},"author":12,"featured_media":163570,"comment_status":"closed","ping_status":"open","sticky":false,"template":"","format":"standard","meta":{"footnotes":""},"categories":[17],"tags":[],"class_list":["post-163562","post","type-post","status-publish","format-standard","has-post-thumbnail","hentry","category-sociales"],"_links":{"self":[{"href":"https:\/\/corrientesdetarde.com\/index.php\/wp-json\/wp\/v2\/posts\/163562","targetHints":{"allow":["GET"]}}],"collection":[{"href":"https:\/\/corrientesdetarde.com\/index.php\/wp-json\/wp\/v2\/posts"}],"about":[{"href":"https:\/\/corrientesdetarde.com\/index.php\/wp-json\/wp\/v2\/types\/post"}],"author":[{"embeddable":true,"href":"https:\/\/corrientesdetarde.com\/index.php\/wp-json\/wp\/v2\/users\/12"}],"replies":[{"embeddable":true,"href":"https:\/\/corrientesdetarde.com\/index.php\/wp-json\/wp\/v2\/comments?post=163562"}],"version-history":[{"count":1,"href":"https:\/\/corrientesdetarde.com\/index.php\/wp-json\/wp\/v2\/posts\/163562\/revisions"}],"predecessor-version":[{"id":163571,"href":"https:\/\/corrientesdetarde.com\/index.php\/wp-json\/wp\/v2\/posts\/163562\/revisions\/163571"}],"wp:featuredmedia":[{"embeddable":true,"href":"https:\/\/corrientesdetarde.com\/index.php\/wp-json\/wp\/v2\/media\/163570"}],"wp:attachment":[{"href":"https:\/\/corrientesdetarde.com\/index.php\/wp-json\/wp\/v2\/media?parent=163562"}],"wp:term":[{"taxonomy":"category","embeddable":true,"href":"https:\/\/corrientesdetarde.com\/index.php\/wp-json\/wp\/v2\/categories?post=163562"},{"taxonomy":"post_tag","embeddable":true,"href":"https:\/\/corrientesdetarde.com\/index.php\/wp-json\/wp\/v2\/tags?post=163562"}],"curies":[{"name":"wp","href":"https:\/\/api.w.org\/{rel}","templated":true}]}}