{"id":163563,"date":"2024-09-03T09:01:50","date_gmt":"2024-09-03T12:01:50","guid":{"rendered":"https:\/\/corrientesdetarde.com\/?p=163563"},"modified":"2024-09-03T09:02:02","modified_gmt":"2024-09-03T12:02:02","slug":"israel-mato-al-comandante-de-la-celula-de-elite-de-hamas-que-lidero-los-ataques-del-7-de-octubre","status":"publish","type":"post","link":"https:\/\/corrientesdetarde.com\/index.php\/internacionales\/israel-mato-al-comandante-de-la-celula-de-elite-de-hamas-que-lidero-los-ataques-del-7-de-octubre\/","title":{"rendered":"Israel mat\u00f3 al comandante de la c\u00e9lula de \u00e9lite de Hamas que lider\u00f3 los ataques del 7 de octubre"},"content":{"rendered":"\n<p>El Ej\u00e9rcito israel\u00ed anunci\u00f3 este martes la muerte de\u00a0<strong>Ahmed Fozi Nazer Muhammad Wadia<\/strong>, comandante de la Nukhba, la\u00a0<strong>c\u00e9lula de \u00e9lite de Hamas<\/strong>\u00a0<strong>que plane\u00f3 y lider\u00f3 los\u00a0ataques del 7 de octubre<\/strong>\u00a0en los que murieron 1200 israel\u00edes y otros 251 fueron secuestrados.<\/p>\n\n\n\n<p>\u201cEn una operaci\u00f3n conjunta del Ej\u00e9rcito y la agencia interior de inteligencia (Shin Bet), las Fuerzas del Aire atacaron un complejo en el que los milicianos de Hamas operaban en Ciudad de Gaza\u201d, anunciaron las fuerzas armadas en un comunicado esta ma\u00f1ana.<\/p>\n\n\n\n<p>En la operaci\u00f3n, ocho milicianos del batall\u00f3n Daraj Tuffah perdieron la vida, entre ellos&nbsp;<strong>Muhammad Wadia<\/strong>.<\/p>\n\n\n\n<p>Seg\u00fan las fuerzas armadas, Wadia particip\u00f3 en la invasi\u00f3n de la comunidad de&nbsp;<strong>Netiv Ha\u2019asara<\/strong>&nbsp;-colindante con la frontera norte de Gaza-, a la que lleg\u00f3 en parapente, y lider\u00f3 all\u00ed los ataques de los milicianos el pasado 7 de octubre.<\/p>\n\n\n\n<figure class=\"wp-block-image\"><img decoding=\"async\" src=\"https:\/\/tn.com.ar\/resizer\/v2\/ya-murieron-mas-de-40000-personas-en-su-mayoria-mujeres-y-ninos-en-gaza-en-los-11-meses-de-conflicto-foto-reutersramadan-abed-ZZXBXVH2W5IMU5MM6EBIBWKELU.jpg?auth=d91380280aab4ff9717fe19ca837a5db43b30c6c892c37445b1a7a0898daa41c&amp;width=767\" alt=\"Ya murieron m\u00e1s de 40.000 personas, en su mayor\u00eda mujeres y ni\u00f1os, en Gaza en los 11 meses de conflicto. (Foto: REUTERS\/Ramadan Abed).\"\/><figcaption class=\"wp-element-caption\">Ya murieron m\u00e1s de 40.000 personas, en su mayor\u00eda mujeres y ni\u00f1os, en Gaza en los 11 meses de conflicto. (Foto: REUTERS\/Ramadan Abed).<\/figcaption><\/figure>\n\n\n\n<p>\u201cWadia es el terrorista que tomaba Coca Cola dentro de la casa de la familia Taasa delante de los hijos de Gil Taasa, que sobrevivieron a la masacre despu\u00e9s de que los milicianos&nbsp;<strong>asesinaran a su padre el 7 de octubre<\/strong>\u201d, indicaron.<\/p>\n\n\n\n<p>Las fuerzas armadas hacen referencia a un famoso v\u00eddeo en el que se mostraba a Wadia tomando una gaseosa junto a la heladera de la familia poco despu\u00e9s de matar al padre de los chicos.<\/p>\n\n\n\n<h2 class=\"wp-block-heading\">C\u00f3mo fue el ataque israel\u00ed contra Muhammad Wadia<\/h2>\n\n\n\n<p>El bombardeo se produjo en las inmediaciones del hospital Al Ahli de la capital gazat\u00ed, en el norte y uno de los centros m\u00e1s importantes de la zona, si bien el Ej\u00e9rcito insisti\u00f3 en que el ataque no afect\u00f3 a la cl\u00ednica.<\/p>\n\n\n\n<p>Adem\u00e1s, se\u00f1alaron haber matado en el ataque a&nbsp;<strong>otro miliciano de alto rango<\/strong>&nbsp;que llevaba a cabo actividades de ingenier\u00eda, como francotirador, operaciones anti tanque y para proveer de explosivos al grupo.<\/p>\n\n\n\n<p>\u201cAntes del ataque se tomaron varios pasos para mitigar el riesgo de herir a civiles\u201d, a\u00f1adi\u00f3 el Ej\u00e9rcito utilizando una frase a la que recurre habitualmente cuando ataca lugares protegidos por el derecho internacional humanitario, como escuelas u hospitales.<\/p>\n\n\n\n<p>Seg\u00fan la agencia palestina de noticias Wafa, la Ciudad de Gaza sufri\u00f3 esta noche un bombardeo al sur del barrio de Zeit\u00fan, en el sureste, que impact\u00f3 contra una vivienda familiar y en el que murieron cuatro muejres de la misma familia.<\/p>\n\n\n\n<p>Los muertos en la Franja de Gaza, en su mayor\u00eda mujeres y ni\u00f1os, ascienden desde el inicio de la guerra a&nbsp;<strong>40.786, adem\u00e1s de 94.224 heridos<\/strong>, tras casi once meses de incesantes ataques del Ej\u00e9rcito israel\u00ed que devastaron el enclave palestino<\/p>\n","protected":false},"excerpt":{"rendered":"<p>El Ej\u00e9rcito israel\u00ed anunci\u00f3 este martes la muerte de\u00a0Ahmed Fozi Nazer Muhammad Wadia, comandante de la Nukhba, la\u00a0c\u00e9lula de \u00e9lite de Hamas\u00a0que plane\u00f3 y lider\u00f3 los\u00a0ataques del 7 de octubre\u00a0en&hellip; <\/p>\n","protected":false},"author":12,"featured_media":163572,"comment_status":"closed","ping_status":"open","sticky":false,"template":"","format":"standard","meta":{"footnotes":""},"categories":[11],"tags":[],"class_list":["post-163563","post","type-post","status-publish","format-standard","has-post-thumbnail","hentry","category-internacionales"],"_links":{"self":[{"href":"https:\/\/corrientesdetarde.com\/index.php\/wp-json\/wp\/v2\/posts\/163563","targetHints":{"allow":["GET"]}}],"collection":[{"href":"https:\/\/corrientesdetarde.com\/index.php\/wp-json\/wp\/v2\/posts"}],"about":[{"href":"https:\/\/corrientesdetarde.com\/index.php\/wp-json\/wp\/v2\/types\/post"}],"author":[{"embeddable":true,"href":"https:\/\/corrientesdetarde.com\/index.php\/wp-json\/wp\/v2\/users\/12"}],"replies":[{"embeddable":true,"href":"https:\/\/corrientesdetarde.com\/index.php\/wp-json\/wp\/v2\/comments?post=163563"}],"version-history":[{"count":1,"href":"https:\/\/corrientesdetarde.com\/index.php\/wp-json\/wp\/v2\/posts\/163563\/revisions"}],"predecessor-version":[{"id":163573,"href":"https:\/\/corrientesdetarde.com\/index.php\/wp-json\/wp\/v2\/posts\/163563\/revisions\/163573"}],"wp:featuredmedia":[{"embeddable":true,"href":"https:\/\/corrientesdetarde.com\/index.php\/wp-json\/wp\/v2\/media\/163572"}],"wp:attachment":[{"href":"https:\/\/corrientesdetarde.com\/index.php\/wp-json\/wp\/v2\/media?parent=163563"}],"wp:term":[{"taxonomy":"category","embeddable":true,"href":"https:\/\/corrientesdetarde.com\/index.php\/wp-json\/wp\/v2\/categories?post=163563"},{"taxonomy":"post_tag","embeddable":true,"href":"https:\/\/corrientesdetarde.com\/index.php\/wp-json\/wp\/v2\/tags?post=163563"}],"curies":[{"name":"wp","href":"https:\/\/api.w.org\/{rel}","templated":true}]}}