{"id":163564,"date":"2024-09-03T08:56:52","date_gmt":"2024-09-03T11:56:52","guid":{"rendered":"https:\/\/corrientesdetarde.com\/?p=163564"},"modified":"2024-09-03T08:56:53","modified_gmt":"2024-09-03T11:56:53","slug":"quilmes-un-patrullero-perdio-el-control-y-atropello-a-una-mujer-que-llevaba-en-brazos-a-su-hijo-de-dos-anos","status":"publish","type":"post","link":"https:\/\/corrientesdetarde.com\/index.php\/policiales\/quilmes-un-patrullero-perdio-el-control-y-atropello-a-una-mujer-que-llevaba-en-brazos-a-su-hijo-de-dos-anos\/","title":{"rendered":"Quilmes: un patrullero perdi\u00f3 el control y atropell\u00f3 a una mujer que llevaba en brazos a su hijo de dos a\u00f1os"},"content":{"rendered":"\n<p>El patrullero perdi\u00f3 el control luego de que un micro escolar lo chocara (Foto: Gentileza Info Quilmes \/ Video: Arriba Argentinos).<\/p>\n\n\n\n<p>En&nbsp;<strong>Quilmes<\/strong>, una camioneta de la Polic\u00eda de la Provincia de Buenos Aires&nbsp;<strong>perdi\u00f3 el control<\/strong>&nbsp;luego de que un micro escolar la chocara. Producto del impacto,&nbsp;<strong>atropell\u00f3 a una mujer que estaba parada en la vereda junto a su hijo de dos a\u00f1os.<\/strong><\/p>\n\n\n\n<p>La v\u00edctima cargaba al nene y ambos salieron despedidos tras ser embestidos por el patrullero. El menor, que sufri\u00f3 un golpe en la cabeza y permanece en observaci\u00f3n, est\u00e1 fuera de peligro.\u00a0<strong>Su mam\u00e1 tiene una fractura en una de sus piernas<\/strong>\u00a0y a\u00fan aguarda por ser atendida en el Hospital Iriarte de Quilmes.<\/p>\n\n\n\n<p>Cinthia, la mujer atropellada, a\u00fan<strong>&nbsp;no sabe qu\u00e9 tipo de intervenci\u00f3n quir\u00fargica le har\u00e1n y su familia est\u00e1 preocupada<\/strong>&nbsp;por los costos de la operaci\u00f3n. \u201cLa tienen en una camilla en la guardia. Alguien se tiene que hacer cargo. La Polic\u00eda deber\u00eda sacarla de ac\u00e1 y llevarla a la cl\u00ednica\u201d, dijo Miguel, su pap\u00e1, en di\u00e1logo con&nbsp;<em>Arriba Argentinos (eltrece).<\/em><\/p>\n\n\n\n<p>El hecho ocurri\u00f3 cerca de las 12:30 del mediod\u00eda del lunes en las calles Yoldi e Iriarte, en la zona de La Ribera. El patrullero que protagoniz\u00f3 el choque se encontraba en apoyo de un llamado del 911. El padre de Cinthia indic\u00f3 que&nbsp;<strong>otro patrullero lleg\u00f3 r\u00e1pidamente al lugar para trasladar a los polic\u00edas heridos, mientras su hija permanec\u00eda tirada en el piso.<\/strong><\/p>\n","protected":false},"excerpt":{"rendered":"<p>El patrullero perdi\u00f3 el control luego de que un micro escolar lo chocara (Foto: Gentileza Info Quilmes \/ Video: Arriba Argentinos). En&nbsp;Quilmes, una camioneta de la Polic\u00eda de la Provincia&hellip; <\/p>\n","protected":false},"author":12,"featured_media":163568,"comment_status":"closed","ping_status":"open","sticky":false,"template":"","format":"standard","meta":{"footnotes":""},"categories":[33],"tags":[],"class_list":["post-163564","post","type-post","status-publish","format-standard","has-post-thumbnail","hentry","category-policiales"],"_links":{"self":[{"href":"https:\/\/corrientesdetarde.com\/index.php\/wp-json\/wp\/v2\/posts\/163564","targetHints":{"allow":["GET"]}}],"collection":[{"href":"https:\/\/corrientesdetarde.com\/index.php\/wp-json\/wp\/v2\/posts"}],"about":[{"href":"https:\/\/corrientesdetarde.com\/index.php\/wp-json\/wp\/v2\/types\/post"}],"author":[{"embeddable":true,"href":"https:\/\/corrientesdetarde.com\/index.php\/wp-json\/wp\/v2\/users\/12"}],"replies":[{"embeddable":true,"href":"https:\/\/corrientesdetarde.com\/index.php\/wp-json\/wp\/v2\/comments?post=163564"}],"version-history":[{"count":1,"href":"https:\/\/corrientesdetarde.com\/index.php\/wp-json\/wp\/v2\/posts\/163564\/revisions"}],"predecessor-version":[{"id":163569,"href":"https:\/\/corrientesdetarde.com\/index.php\/wp-json\/wp\/v2\/posts\/163564\/revisions\/163569"}],"wp:featuredmedia":[{"embeddable":true,"href":"https:\/\/corrientesdetarde.com\/index.php\/wp-json\/wp\/v2\/media\/163568"}],"wp:attachment":[{"href":"https:\/\/corrientesdetarde.com\/index.php\/wp-json\/wp\/v2\/media?parent=163564"}],"wp:term":[{"taxonomy":"category","embeddable":true,"href":"https:\/\/corrientesdetarde.com\/index.php\/wp-json\/wp\/v2\/categories?post=163564"},{"taxonomy":"post_tag","embeddable":true,"href":"https:\/\/corrientesdetarde.com\/index.php\/wp-json\/wp\/v2\/tags?post=163564"}],"curies":[{"name":"wp","href":"https:\/\/api.w.org\/{rel}","templated":true}]}}