{"id":163582,"date":"2024-09-03T11:00:54","date_gmt":"2024-09-03T14:00:54","guid":{"rendered":"https:\/\/corrientesdetarde.com\/?p=163582"},"modified":"2024-09-03T11:00:58","modified_gmt":"2024-09-03T14:00:58","slug":"por-que-se-regalan-flores-amarillas-en-septiembre","status":"publish","type":"post","link":"https:\/\/corrientesdetarde.com\/index.php\/informacion-general\/por-que-se-regalan-flores-amarillas-en-septiembre\/","title":{"rendered":"\u00bfPor qu\u00e9 se regalan flores amarillas en septiembre?"},"content":{"rendered":"\n<p>Llega la primavera, los d\u00edas agradables y con ella la tradicional pr\u00e1ctica de recibir o regalar<strong>&nbsp;flores amarillas<\/strong>. Sin embargo, hay personas que no est\u00e1n al tanto sobre cu\u00e1l es el verdadero significado.<\/p>\n\n\n\n<p>Todo surgi\u00f3 en el 2004 con uno de los mayores \u00e9xitos de las novelas de Cris Morena:\u00a0<em><strong>Floricienta<\/strong><\/em>, la serie que lleg\u00f3 al coraz\u00f3n de gran parte del p\u00fablico infantil y adolescente nacional e internacional.<\/p>\n\n\n\n<p>Justamente es este programa el que cre\u00f3 la famosa canci\u00f3n \u201c<em>Flores amarillas<\/em>\u201d, la cual relata una historia de amor en donde un joven<strong>&nbsp;espera a su enamorada con un ramo de este estilo<\/strong>. A partir de ah\u00ed, se volvi\u00f3 furor entre los j\u00f3venes y adolescentes de esa \u00e9poca, aunque 11 a\u00f1os despu\u00e9s sigue marcando tendencia cada 21 de septiembre.<\/p>\n\n\n\n<p>Cada a\u00f1o, a medida que se acerca septiembre, los usuarios de plataformas como Instagram, TikTok y Twitter comienzan a compartir fotos, videos y mensajes relacionados con la entrega de flores amarillas. Esta tendencia se volvi\u00f3 viral en muchos casos, y fue adoptada por personas de diferentes pa\u00edses y culturas.<\/p>\n\n\n\n<figure class=\"wp-block-image\"><img decoding=\"async\" src=\"https:\/\/tn.com.ar\/resizer\/v2\/el-significado-de-por-que-se-regalan-flores-amarillas-para-el-dia-de-la-primavera-foto-adobestock-JFIVZETM4BCN3I3WZAALRWGG64.jpeg?auth=abf02560d7b739bd1e2fdf5c74b0446ee27b2aba57652d7592a6df25d07916a2&amp;width=767\" alt=\"El significado de por qu\u00e9 se regalan flores amarillas para el D\u00eda de la Primavera (Foto: AdobeStock).\"\/><figcaption class=\"wp-element-caption\">El significado de por qu\u00e9 se regalan flores amarillas para el D\u00eda de la Primavera (Foto: AdobeStock).<\/figcaption><\/figure>\n\n\n\n<h2 class=\"wp-block-heading\">Qu\u00e9 significan las flores amarillas<\/h2>\n\n\n\n<p>Las flores amarillas, en general, est\u00e1n asociadas con sentimientos de&nbsp;<strong>felicidad<\/strong>,&nbsp;<strong>alegr\u00eda&nbsp;<\/strong>y&nbsp;<strong>amistad<\/strong>. El color amarillo es vibrante y c\u00e1lido, evocando la luz del sol y el optimismo. En muchas culturas, el amarillo es el color de la alegr\u00eda y la amistad, por lo que regalar flores de este color se interpreta como un deseo de felicidad para la otra persona.<\/p>\n\n\n\n<p>En el contexto de septiembre, el inicio de la primavera en el hemisferio sur, las flores amarillas tambi\u00e9n representan renovaci\u00f3n, nuevos comienzos y la celebraci\u00f3n de la vida. Al regalar flores amarillas en este mes, se est\u00e1 expresando una celebraci\u00f3n del<strong>&nbsp;renacer de la naturaleza&nbsp;<\/strong>y de la alegr\u00eda que trae la estaci\u00f3n primaveral.<\/p>\n","protected":false},"excerpt":{"rendered":"<p>Llega la primavera, los d\u00edas agradables y con ella la tradicional pr\u00e1ctica de recibir o regalar&nbsp;flores amarillas. Sin embargo, hay personas que no est\u00e1n al tanto sobre cu\u00e1l es el&hellip; <\/p>\n","protected":false},"author":12,"featured_media":163601,"comment_status":"closed","ping_status":"open","sticky":false,"template":"","format":"standard","meta":{"footnotes":""},"categories":[1],"tags":[],"class_list":["post-163582","post","type-post","status-publish","format-standard","has-post-thumbnail","hentry","category-informacion-general"],"_links":{"self":[{"href":"https:\/\/corrientesdetarde.com\/index.php\/wp-json\/wp\/v2\/posts\/163582","targetHints":{"allow":["GET"]}}],"collection":[{"href":"https:\/\/corrientesdetarde.com\/index.php\/wp-json\/wp\/v2\/posts"}],"about":[{"href":"https:\/\/corrientesdetarde.com\/index.php\/wp-json\/wp\/v2\/types\/post"}],"author":[{"embeddable":true,"href":"https:\/\/corrientesdetarde.com\/index.php\/wp-json\/wp\/v2\/users\/12"}],"replies":[{"embeddable":true,"href":"https:\/\/corrientesdetarde.com\/index.php\/wp-json\/wp\/v2\/comments?post=163582"}],"version-history":[{"count":1,"href":"https:\/\/corrientesdetarde.com\/index.php\/wp-json\/wp\/v2\/posts\/163582\/revisions"}],"predecessor-version":[{"id":163602,"href":"https:\/\/corrientesdetarde.com\/index.php\/wp-json\/wp\/v2\/posts\/163582\/revisions\/163602"}],"wp:featuredmedia":[{"embeddable":true,"href":"https:\/\/corrientesdetarde.com\/index.php\/wp-json\/wp\/v2\/media\/163601"}],"wp:attachment":[{"href":"https:\/\/corrientesdetarde.com\/index.php\/wp-json\/wp\/v2\/media?parent=163582"}],"wp:term":[{"taxonomy":"category","embeddable":true,"href":"https:\/\/corrientesdetarde.com\/index.php\/wp-json\/wp\/v2\/categories?post=163582"},{"taxonomy":"post_tag","embeddable":true,"href":"https:\/\/corrientesdetarde.com\/index.php\/wp-json\/wp\/v2\/tags?post=163582"}],"curies":[{"name":"wp","href":"https:\/\/api.w.org\/{rel}","templated":true}]}}