{"id":163583,"date":"2024-09-03T09:59:08","date_gmt":"2024-09-03T12:59:08","guid":{"rendered":"https:\/\/corrientesdetarde.com\/?p=163583"},"modified":"2024-09-03T09:59:13","modified_gmt":"2024-09-03T12:59:13","slug":"corrientes-una-joven-eligio-ser-adoptada-por-la-expareja-de-su-mama-fallecida-y-su-actual-esposa","status":"publish","type":"post","link":"https:\/\/corrientesdetarde.com\/index.php\/sociales\/corrientes-una-joven-eligio-ser-adoptada-por-la-expareja-de-su-mama-fallecida-y-su-actual-esposa\/","title":{"rendered":"Corrientes: una joven eligi\u00f3 ser adoptada por la expareja de su mam\u00e1 fallecida y su actual esposa"},"content":{"rendered":"\n<p>El Juzgado de Familia, Ni\u00f1ez y Adolescencia N\u00b03 de Capital otorg\u00f3 la adopci\u00f3n simple de M. a la ex pareja de su mam\u00e1 fallecida y su actual esposa, con quienes manten\u00eda un v\u00ednculo desde los 8 a\u00f1os. El pedido de adopci\u00f3n fue una iniciativa de la joven, hoy mayor de edad. M. reconoc\u00eda el esfuerzo de sus abuelos en la crianza aunque hab\u00eda forjado lazos estrechos con ese matrimonio a lo largo de su compleja vida.<a href=\"https:\/\/api.whatsapp.com\/send?text=Corrientes:%20una%20joven%20eligi%C3%B3%20ser%20adoptada%20por%20la%20expareja%20de%20su%20mam%C3%A1%20fallecida%20y%20su%20actual%20esposa%20-%20https:\/\/www.radiodos.com.ar\/173863-corrientes-una-joven-eligio-ser-adoptada-por-la-expareja-de-su-mama-fallecida-y-su-actual-esposa?utm_source=WhatsApp%26utm_medium=WhatsApp%26utm_campaign=WhatsApp%26utm_term=WhatsApp\" target=\"_blank\" rel=\"noreferrer noopener\"><\/a><a href=\"https:\/\/facebook.com\/\"><\/a><a href=\"https:\/\/twitter.com\/\"><\/a><\/p>\n\n\n\n<p>Con la mayor\u00eda de edad, los motivos que dieron origen a la intervenci\u00f3n judicial desaparecieron. &#8220;Lo que no desapareci\u00f3 es su voluntad de formalizar su realidad familiar junto a P. y L&#8221; expres\u00f3 la jueza.<\/p>\n\n\n\n<p>Las normas prev\u00e9n la adopci\u00f3n para el caso de personas mayores de edad en dos supuestos excepcionales: por un lado, que se desee adoptar al hijo del c\u00f3nyuge o conviviente; por otro, que se desee adoptar a quien -durante la menor edad- gozaba de posesi\u00f3n de estado de hijo.<\/p>\n\n\n\n<p>En el caso, existi\u00f3 posesi\u00f3n de estado de hija mientras ella era menor de edad para habilitar la posibilidad de adopci\u00f3n y &#8220;la mejor respuesta para ella se encuentra en la formalizaci\u00f3n de la incorporaci\u00f3n de P. y L. a su vida a trav\u00e9s de la figura de la adopci\u00f3n simple&#8221; se\u00f1al\u00f3.<\/p>\n\n\n\n<p>El afecto es una f\u00f3rmula v\u00e1lida para reinterpretar los lazos entre los integrantes de una familia que, escapando al modelo tradicional, primero se eligi\u00f3 para luego formalizar legalmente su condici\u00f3n. &#8220;Una sinton\u00eda inusual que la justicia debe reconocer&#8221;.<\/p>\n","protected":false},"excerpt":{"rendered":"<p>El Juzgado de Familia, Ni\u00f1ez y Adolescencia N\u00b03 de Capital otorg\u00f3 la adopci\u00f3n simple de M. a la ex pareja de su mam\u00e1 fallecida y su actual esposa, con quienes&hellip; <\/p>\n","protected":false},"author":12,"featured_media":163590,"comment_status":"closed","ping_status":"open","sticky":false,"template":"","format":"standard","meta":{"footnotes":""},"categories":[17],"tags":[],"class_list":["post-163583","post","type-post","status-publish","format-standard","has-post-thumbnail","hentry","category-sociales"],"_links":{"self":[{"href":"https:\/\/corrientesdetarde.com\/index.php\/wp-json\/wp\/v2\/posts\/163583","targetHints":{"allow":["GET"]}}],"collection":[{"href":"https:\/\/corrientesdetarde.com\/index.php\/wp-json\/wp\/v2\/posts"}],"about":[{"href":"https:\/\/corrientesdetarde.com\/index.php\/wp-json\/wp\/v2\/types\/post"}],"author":[{"embeddable":true,"href":"https:\/\/corrientesdetarde.com\/index.php\/wp-json\/wp\/v2\/users\/12"}],"replies":[{"embeddable":true,"href":"https:\/\/corrientesdetarde.com\/index.php\/wp-json\/wp\/v2\/comments?post=163583"}],"version-history":[{"count":1,"href":"https:\/\/corrientesdetarde.com\/index.php\/wp-json\/wp\/v2\/posts\/163583\/revisions"}],"predecessor-version":[{"id":163591,"href":"https:\/\/corrientesdetarde.com\/index.php\/wp-json\/wp\/v2\/posts\/163583\/revisions\/163591"}],"wp:featuredmedia":[{"embeddable":true,"href":"https:\/\/corrientesdetarde.com\/index.php\/wp-json\/wp\/v2\/media\/163590"}],"wp:attachment":[{"href":"https:\/\/corrientesdetarde.com\/index.php\/wp-json\/wp\/v2\/media?parent=163583"}],"wp:term":[{"taxonomy":"category","embeddable":true,"href":"https:\/\/corrientesdetarde.com\/index.php\/wp-json\/wp\/v2\/categories?post=163583"},{"taxonomy":"post_tag","embeddable":true,"href":"https:\/\/corrientesdetarde.com\/index.php\/wp-json\/wp\/v2\/tags?post=163583"}],"curies":[{"name":"wp","href":"https:\/\/api.w.org\/{rel}","templated":true}]}}