{"id":163584,"date":"2024-09-03T09:57:36","date_gmt":"2024-09-03T12:57:36","guid":{"rendered":"https:\/\/corrientesdetarde.com\/?p=163584"},"modified":"2024-09-03T09:57:37","modified_gmt":"2024-09-03T12:57:37","slug":"una-escuela-de-corrientes-fue-nuevamente-victima-de-la-inseguridad","status":"publish","type":"post","link":"https:\/\/corrientesdetarde.com\/index.php\/policiales\/una-escuela-de-corrientes-fue-nuevamente-victima-de-la-inseguridad\/","title":{"rendered":"Una escuela de Corrientes fue nuevamente v\u00edctima de la inseguridad"},"content":{"rendered":"\n<p>El m\u00f3vil de lleg\u00f3 hasta el barrio Ongay donde habl\u00f3 con Norma Ramirez directora del Instituto F\u00e9 y Alegr\u00eda. Esta brind\u00f3 detalles del nuevo hecho de inseguridad que los afect\u00f3. Lament\u00f3 que sean siempre el blanco de los delincuentes.\u00a0<a href=\"https:\/\/api.whatsapp.com\/send?text=Una%20escuela%20de%20Corrientes%20fue%20nuevamente%20v%C3%ADctima%20de%20la%20inseguridad%20-%20https:\/\/www.radiodos.com.ar\/173859-una-escuela-de-corrientes-fue-nuevamente-victima-de-la-inseguridad?utm_source=WhatsApp%26utm_medium=WhatsApp%26utm_campaign=WhatsApp%26utm_term=WhatsApp\" target=\"_blank\" rel=\"noreferrer noopener\"><\/a><a href=\"https:\/\/facebook.com\/\"><\/a><a href=\"https:\/\/twitter.com\/\"><\/a><\/p>\n\n\n\n<p>&#8220;En el nivel secundario estaba programada una actividad que tambi\u00e9n involucraba al nivel primario por una actividad de articulaci\u00f3n que ten\u00edamos. A primera hora de la ma\u00f1ana se acerca el aviso al rector y se encuentra con el pilar que estaba totalmente desarmado y se hab\u00edan robado los cables nuevamente&#8221;, detall\u00f3 sobre el robo que ya es&nbsp; la segunda vez en este mes, relat\u00f3.<\/p>\n\n\n\n<p>&#8220;El d\u00eda de ayer, tambi\u00e9n en primeras horas de la ma\u00f1ana, nos encontramos que no ten\u00eda el autom\u00e1tico del agua, o sea que tambi\u00e9n estuvieron todas las jornadas sin agua potable. Esto nos afecta directamente porque tenemos que suspender las actividades previstas o la suspensi\u00f3n directamente de actividades, en el caso de ayer, del nivel inicial&#8221;, agreg\u00f3.&nbsp;<\/p>\n\n\n\n<p>&#8220;Tambi\u00e9n nos encontramos que los aire acondicionados no estaban funcionando porque tambi\u00e9n se hab\u00edan robado el cableado&#8221;, cont\u00f3.&nbsp;<\/p>\n\n\n\n<p>Adem\u00e1s lament\u00f3 que &#8220;Esto es una seguidilla de cosas que estamos teniendo con respecto al tema de robo y actos de vandalismo. En el mes de julio, julio, comenzaron a robarse las vallas perimetrales&#8221;<\/p>\n\n\n\n<p>Respecto de los contrles de la Polic\u00eda dijo que &#8220;Desde la Comisar\u00eda 21 los comisarios de turno nos manifiestan, y cuentan con poco personal, y que tambi\u00e9n cuentan tambi\u00e9n con pocos m\u00f3viles. A la medida que ellos pueden, se acercan, rondan la zona. Pero en realidad nosotros esto necesitamos durante la noche o de la madrugada, que es donde ocurren las mallas perimetrales&#8221;<\/p>\n","protected":false},"excerpt":{"rendered":"<p>El m\u00f3vil de lleg\u00f3 hasta el barrio Ongay donde habl\u00f3 con Norma Ramirez directora del Instituto F\u00e9 y Alegr\u00eda. Esta brind\u00f3 detalles del nuevo hecho de inseguridad que los afect\u00f3.&hellip; <\/p>\n","protected":false},"author":12,"featured_media":163587,"comment_status":"closed","ping_status":"open","sticky":false,"template":"","format":"standard","meta":{"footnotes":""},"categories":[33],"tags":[],"class_list":["post-163584","post","type-post","status-publish","format-standard","has-post-thumbnail","hentry","category-policiales"],"_links":{"self":[{"href":"https:\/\/corrientesdetarde.com\/index.php\/wp-json\/wp\/v2\/posts\/163584","targetHints":{"allow":["GET"]}}],"collection":[{"href":"https:\/\/corrientesdetarde.com\/index.php\/wp-json\/wp\/v2\/posts"}],"about":[{"href":"https:\/\/corrientesdetarde.com\/index.php\/wp-json\/wp\/v2\/types\/post"}],"author":[{"embeddable":true,"href":"https:\/\/corrientesdetarde.com\/index.php\/wp-json\/wp\/v2\/users\/12"}],"replies":[{"embeddable":true,"href":"https:\/\/corrientesdetarde.com\/index.php\/wp-json\/wp\/v2\/comments?post=163584"}],"version-history":[{"count":1,"href":"https:\/\/corrientesdetarde.com\/index.php\/wp-json\/wp\/v2\/posts\/163584\/revisions"}],"predecessor-version":[{"id":163588,"href":"https:\/\/corrientesdetarde.com\/index.php\/wp-json\/wp\/v2\/posts\/163584\/revisions\/163588"}],"wp:featuredmedia":[{"embeddable":true,"href":"https:\/\/corrientesdetarde.com\/index.php\/wp-json\/wp\/v2\/media\/163587"}],"wp:attachment":[{"href":"https:\/\/corrientesdetarde.com\/index.php\/wp-json\/wp\/v2\/media?parent=163584"}],"wp:term":[{"taxonomy":"category","embeddable":true,"href":"https:\/\/corrientesdetarde.com\/index.php\/wp-json\/wp\/v2\/categories?post=163584"},{"taxonomy":"post_tag","embeddable":true,"href":"https:\/\/corrientesdetarde.com\/index.php\/wp-json\/wp\/v2\/tags?post=163584"}],"curies":[{"name":"wp","href":"https:\/\/api.w.org\/{rel}","templated":true}]}}