{"id":163598,"date":"2024-09-03T11:03:12","date_gmt":"2024-09-03T14:03:12","guid":{"rendered":"https:\/\/corrientesdetarde.com\/?p=163598"},"modified":"2024-09-03T11:03:15","modified_gmt":"2024-09-03T14:03:15","slug":"en-medio-de-la-crisis-maduro-volvio-a-adelantar-la-navidad-llegara-el-1-de-octubre","status":"publish","type":"post","link":"https:\/\/corrientesdetarde.com\/index.php\/internacionales\/en-medio-de-la-crisis-maduro-volvio-a-adelantar-la-navidad-llegara-el-1-de-octubre\/","title":{"rendered":"En medio de la crisis, Maduro volvi\u00f3 a \u201cadelantar\u201d la Navidad: \u201cLlegar\u00e1 el 1 de octubre\u201d"},"content":{"rendered":"\n<p><strong>Latinoam\u00e9rica y el mundo est\u00e1n pendientes de lo que sucede en Venezuela<\/strong>&nbsp;desde el pasado 28 de julio cuando se desarrollaron las elecciones en Venezuela. D\u00edas despu\u00e9s se desat\u00f3 un caos social y una profunda crisis pol\u00edtica. En las \u00faltimas horas, se orden\u00f3 la detenci\u00f3n del l\u00edder opositor Edmundo Gonz\u00e1lez Urrutia y ahora,&nbsp;<strong>Nicol\u00e1s Maduro anunci\u00f3 el adelanto de la Navidad<\/strong>.<\/p>\n\n\n\n<p>El l\u00edder chavista se refiri\u00f3 a la fecha festiva en un acto televisado: \u201cEs septiembre y ya huele a Navidad. Y por eso este a\u00f1o, en homenaje a ustedes, en agradecimiento a ustedes,\u00a0<strong>voy a decretar el adelanto de la Navidad para el 1 de octubre<\/strong>\u201d, sostuvo.<\/p>\n\n\n\n<p>El anuncio ocurri\u00f3 durante el programa \u201cCon Maduro+\u201d, que se transmite por YouTube. All\u00ed el mandatario le habl\u00f3 al pueblo venezolano sobre esta celebraci\u00f3n, en la que<strong>&nbsp;desde el Gobierno se suelen intensificar los repartos de ayudas en los barrios<\/strong>&nbsp;desde los Comit\u00e9s Locales de Abastecimiento y Producci\u00f3n.<\/p>\n\n\n\n<p>\u201cArranca la Navidad el 1 de octubre. Para todos y todas, lleg\u00f3 la Navidad, con paz, felicidad y seguridad\u201d, agreg\u00f3 Nicol\u00e1s Maduro. Cabe destacar, que<strong>&nbsp;no es la primera que adelanta esta festividad<\/strong>. Lo hizo tambi\u00e9n en 2020, cuando estableci\u00f3 el festejo para el 15 de octubre y en 2021, cuando anunci\u00f3 a trav\u00e9s de sus redes sociales que la Navidad ser\u00eda el d\u00eda 4 de octubre.<\/p>\n\n\n\n<h2 class=\"wp-block-heading\">La fiscal\u00eda general de Venezuela orden\u00f3 la detenci\u00f3n del l\u00edder opositor Edmundo Gonz\u00e1lez Urrutia<\/h2>\n\n\n\n<p>La fiscal\u00eda general de Venezuela orden\u00f3 este lunes el arresto del excandidato presidencial venezolano<strong>&nbsp;Edmundo Gonz\u00e1lez Urrutia<\/strong>. Poco despu\u00e9s, un juez especializado en delitos de terrorismo emiti\u00f3 la orden respectiva.<\/p>\n\n\n\n<figure class=\"wp-block-image\"><img decoding=\"async\" src=\"https:\/\/tn.com.ar\/resizer\/v2\/edmundo-gonzalez-urrutia-foto-efe-4UHFHSD76JGQXHG24YPIYQ5KWU.jpg?auth=826ccb02ea507b52bd84b0eae9bda50ac9bc1206cd1e8cfc2c5c5e5016c4b1f3&amp;width=767\" alt=\"Edmundo Gonz\u00e1lez Urrutia (Foto: EFE)\"\/><figcaption class=\"wp-element-caption\">Edmundo Gonz\u00e1lez Urrutia (Foto: EFE)<\/figcaption><\/figure>\n\n\n\n<p>\u201cEl tribunal de primera instancia en funciones de control a nivel nacional acuerda orden de aprehensi\u00f3n contra Edmundo Gonz\u00e1lez Urrutia por graves delitos\u201d, escribi\u00f3 el Ministerio P\u00fablico en su cuenta en Instagram, minutos despu\u00e9s de anunciar que solicitaba el arresto.<\/p>\n\n\n\n<p>El expostulante de la opositora Plataforma Unitaria Democr\u00e1tica (PUD), que lidera&nbsp;<strong>Mar\u00eda Corina Machado<\/strong>, se ausent\u00f3 a las tres citaciones oficiales emanadas por la fiscal\u00eda en los \u00faltimos d\u00edas. Se lo acusa de \u201cusurpaci\u00f3n de funciones\u201d y \u201cforjamiento (invenci\u00f3n) de documento p\u00fablico\u201d. Se trata de delitos graves que pueden llevar a la pena m\u00e1xima de<strong>&nbsp;30 a\u00f1os de c\u00e1rcel<\/strong>.<\/p>\n\n\n\n<p>Gonz\u00e1lez Urrutia&nbsp;<strong>est\u00e1 en la clandestinidad desde el 30 de julio,<\/strong>&nbsp;cuando apareci\u00f3 por \u00faltima vez en p\u00fablico. Desde entonces solo se comunica a trav\u00e9s de redes sociales.<\/p>\n\n\n\n<p>El exdiplom\u00e1tico, de 75 a\u00f1os, reivindic\u00f3 su triunfo en las elecciones presidenciales del 28 de julio. Su coalici\u00f3n denunci\u00f3 fraude en los comicios tras presentar sus propias actas que, a su juicio, certificaban una victoria aplastante sobre el presidente Nicol\u00e1s Maduro. Sin embargo, el Consejo Nacional Electoral proclam\u00f3 la reelecci\u00f3n de Maduro, sin presentar siquiera un acta oficial. D\u00edas despu\u00e9s,\u00a0el Tribunal Superior de Justicia aval\u00f3 el resultado.<\/p>\n","protected":false},"excerpt":{"rendered":"<p>Latinoam\u00e9rica y el mundo est\u00e1n pendientes de lo que sucede en Venezuela&nbsp;desde el pasado 28 de julio cuando se desarrollaron las elecciones en Venezuela. D\u00edas despu\u00e9s se desat\u00f3 un caos&hellip; <\/p>\n","protected":false},"author":12,"featured_media":163608,"comment_status":"closed","ping_status":"open","sticky":false,"template":"","format":"standard","meta":{"footnotes":""},"categories":[11],"tags":[],"class_list":["post-163598","post","type-post","status-publish","format-standard","has-post-thumbnail","hentry","category-internacionales"],"_links":{"self":[{"href":"https:\/\/corrientesdetarde.com\/index.php\/wp-json\/wp\/v2\/posts\/163598","targetHints":{"allow":["GET"]}}],"collection":[{"href":"https:\/\/corrientesdetarde.com\/index.php\/wp-json\/wp\/v2\/posts"}],"about":[{"href":"https:\/\/corrientesdetarde.com\/index.php\/wp-json\/wp\/v2\/types\/post"}],"author":[{"embeddable":true,"href":"https:\/\/corrientesdetarde.com\/index.php\/wp-json\/wp\/v2\/users\/12"}],"replies":[{"embeddable":true,"href":"https:\/\/corrientesdetarde.com\/index.php\/wp-json\/wp\/v2\/comments?post=163598"}],"version-history":[{"count":1,"href":"https:\/\/corrientesdetarde.com\/index.php\/wp-json\/wp\/v2\/posts\/163598\/revisions"}],"predecessor-version":[{"id":163609,"href":"https:\/\/corrientesdetarde.com\/index.php\/wp-json\/wp\/v2\/posts\/163598\/revisions\/163609"}],"wp:featuredmedia":[{"embeddable":true,"href":"https:\/\/corrientesdetarde.com\/index.php\/wp-json\/wp\/v2\/media\/163608"}],"wp:attachment":[{"href":"https:\/\/corrientesdetarde.com\/index.php\/wp-json\/wp\/v2\/media?parent=163598"}],"wp:term":[{"taxonomy":"category","embeddable":true,"href":"https:\/\/corrientesdetarde.com\/index.php\/wp-json\/wp\/v2\/categories?post=163598"},{"taxonomy":"post_tag","embeddable":true,"href":"https:\/\/corrientesdetarde.com\/index.php\/wp-json\/wp\/v2\/tags?post=163598"}],"curies":[{"name":"wp","href":"https:\/\/api.w.org\/{rel}","templated":true}]}}