{"id":163600,"date":"2024-09-03T11:01:53","date_gmt":"2024-09-03T14:01:53","guid":{"rendered":"https:\/\/corrientesdetarde.com\/?p=163600"},"modified":"2024-09-03T11:01:54","modified_gmt":"2024-09-03T14:01:54","slug":"despues-de-5-meses-detuvieron-a-una-joven-acusada-de-asesinar-a-golpes-en-la-cabeza-a-su-bebe-de-tres-dias","status":"publish","type":"post","link":"https:\/\/corrientesdetarde.com\/index.php\/policiales\/despues-de-5-meses-detuvieron-a-una-joven-acusada-de-asesinar-a-golpes-en-la-cabeza-a-su-bebe-de-tres-dias\/","title":{"rendered":"Despu\u00e9s de 5 meses, detuvieron a una joven acusada de asesinar a golpes en la cabeza a su beb\u00e9 de tres d\u00edas"},"content":{"rendered":"\n<p>Una mujer de 28 a\u00f1os, a la que buscaban desde marzo pasado por el asesinato a&nbsp;<strong>golpes en la cabeza a su beb\u00e9&nbsp;<\/strong>reci\u00e9n nacido, fue detenida en las \u00faltimas horas en la localidad bonaerense de Villa Centenario, en Lomas de Zamora.<\/p>\n\n\n\n<p>Despu\u00e9s de\u00a0<strong>cinco meses de tareas de inteligencia<\/strong>, los efectivos del Departamento de Homicidios de la Polic\u00eda de la Provincia de Buenos Aires localizaron a la sospechosa escondida en una casa ubicada en el cruce de pasaje 38 y Campoamor.<\/p>\n\n\n\n<h2 class=\"wp-block-heading\">Detenida por filicidio<\/h2>\n\n\n\n<p>El hecho por el que buscaban a la mujer ocurri\u00f3 durante<strong>&nbsp;la tarde del 10 de marzo<\/strong>&nbsp;pasado en el domicilio de la calle Evaristo Carriego al 700, casi en la esquina con Amberes, donde viv\u00eda la acusada.<\/p>\n\n\n\n<figure class=\"wp-block-image\"><img decoding=\"async\" src=\"https:\/\/tn.com.ar\/resizer\/v2\/la-acusada-fue-detenida-tras-cinco-meses-de-investigacion-foto-gentileza-diario-conurbano-MZNQM57FO5B6TI6CH2RSGB4XGE.JPG?auth=321a652bbe516aa3cefe8aef3352c540cfefb48b036b9bb02b37acf20ee458d4&amp;width=767\" alt=\"La acusada fue detenida tras cinco meses de investigaci\u00f3n. (Foto: gentileza Diario Conurbano).\"\/><figcaption class=\"wp-element-caption\">La acusada fue detenida tras cinco meses de investigaci\u00f3n. (Foto: gentileza Diario Conurbano).<\/figcaption><\/figure>\n\n\n\n<p>La v\u00edctima, un beb\u00e9 de<strong>\u00a0apenas tres d\u00edas llamado Bautista Joel D\u00edaz,<\/strong>\u00a0fue atacado a golpes y cuando los peritos de la delegaci\u00f3n local de la Polic\u00eda Cient\u00edfica llegaron a la escena del crimen, ya estaba muerto.<\/p>\n\n\n\n<p>La autopsia determin\u00f3 que el beb\u00e9 presentaba lesiones en todo el cuerpo y que la causa de la muerte hab\u00eda sido&nbsp;<strong>un serio traumatismo encefalocraneano.&nbsp;<\/strong>Enseguida la madre de la criatura se convirti\u00f3 en la principal sospechosa del caso, pero desde ese momento se encontraba pr\u00f3fuga.<\/p>\n\n\n\n<p>Los vecinos del barrio declararon que&nbsp;<strong>la joven era adicta a las drogas<\/strong>, por lo que los investigadores creen que al momento del crimen de su hijo se encontraba bajo los efectos de estupefacientes.<\/p>\n\n\n\n<p>La investigaci\u00f3n qued\u00f3&nbsp;<strong>a cargo de la fiscal Silvana Morales,&nbsp;<\/strong>de la Unidad Funcional N\u00b0 17 -especializada en Violencia Familiar y de G\u00e9nero-, quien caratul\u00f3 la causa de manera preventiva como \u201cHomicidio agravado por el v\u00ednculo\u201d.<\/p>\n","protected":false},"excerpt":{"rendered":"<p>Una mujer de 28 a\u00f1os, a la que buscaban desde marzo pasado por el asesinato a&nbsp;golpes en la cabeza a su beb\u00e9&nbsp;reci\u00e9n nacido, fue detenida en las \u00faltimas horas en&hellip; <\/p>\n","protected":false},"author":12,"featured_media":163605,"comment_status":"closed","ping_status":"open","sticky":false,"template":"","format":"standard","meta":{"footnotes":""},"categories":[33],"tags":[],"class_list":["post-163600","post","type-post","status-publish","format-standard","has-post-thumbnail","hentry","category-policiales"],"_links":{"self":[{"href":"https:\/\/corrientesdetarde.com\/index.php\/wp-json\/wp\/v2\/posts\/163600","targetHints":{"allow":["GET"]}}],"collection":[{"href":"https:\/\/corrientesdetarde.com\/index.php\/wp-json\/wp\/v2\/posts"}],"about":[{"href":"https:\/\/corrientesdetarde.com\/index.php\/wp-json\/wp\/v2\/types\/post"}],"author":[{"embeddable":true,"href":"https:\/\/corrientesdetarde.com\/index.php\/wp-json\/wp\/v2\/users\/12"}],"replies":[{"embeddable":true,"href":"https:\/\/corrientesdetarde.com\/index.php\/wp-json\/wp\/v2\/comments?post=163600"}],"version-history":[{"count":1,"href":"https:\/\/corrientesdetarde.com\/index.php\/wp-json\/wp\/v2\/posts\/163600\/revisions"}],"predecessor-version":[{"id":163606,"href":"https:\/\/corrientesdetarde.com\/index.php\/wp-json\/wp\/v2\/posts\/163600\/revisions\/163606"}],"wp:featuredmedia":[{"embeddable":true,"href":"https:\/\/corrientesdetarde.com\/index.php\/wp-json\/wp\/v2\/media\/163605"}],"wp:attachment":[{"href":"https:\/\/corrientesdetarde.com\/index.php\/wp-json\/wp\/v2\/media?parent=163600"}],"wp:term":[{"taxonomy":"category","embeddable":true,"href":"https:\/\/corrientesdetarde.com\/index.php\/wp-json\/wp\/v2\/categories?post=163600"},{"taxonomy":"post_tag","embeddable":true,"href":"https:\/\/corrientesdetarde.com\/index.php\/wp-json\/wp\/v2\/tags?post=163600"}],"curies":[{"name":"wp","href":"https:\/\/api.w.org\/{rel}","templated":true}]}}