{"id":163770,"date":"2024-09-04T07:31:21","date_gmt":"2024-09-04T10:31:21","guid":{"rendered":"https:\/\/corrientesdetarde.com\/?p=163770"},"modified":"2024-09-04T07:31:33","modified_gmt":"2024-09-04T10:31:33","slug":"unos-78-mil-usuarios-en-condiciones-de-recibir-subsidios-los-rechazan","status":"publish","type":"post","link":"https:\/\/corrientesdetarde.com\/index.php\/locales\/unos-78-mil-usuarios-en-condiciones-de-recibir-subsidios-los-rechazan\/","title":{"rendered":"Unos 78 mil usuarios en condiciones de recibir subsidios los rechazan"},"content":{"rendered":"\n<p>Incre\u00edble pero real. Miles de beneficiarios de la Tarifa Social a\u00fan no se anotaron para mantener las ayudas del Estado. De esta forma no lograr\u00e1n evitar un golpe fulminante en las facturas debido a los incrementos dispuestos por el Gobierno libertario. Hoy vencen los plazos.<a href=\"https:\/\/api.whatsapp.com\/send?text=Unos%2078%20mil%20usuarios%20en%20condiciones%20de%20recibir%20subsidios%20los%20rechazan%20-%20https:\/\/www.diarioepoca.com\/1331314-unos-78-mil-usuarios-en-condiciones-de-recibir-subsidios-los-rechazan?utm_source=WhatsApp%26utm_medium=WhatsApp%26utm_campaign=WhatsApp%26utm_term=WhatsApp\" target=\"_blank\" rel=\"noreferrer noopener\"><\/a><a href=\"https:\/\/www.diarioepoca.com\/1331314-unos-78-mil-usuarios-en-condiciones-de-recibir-subsidios-los-rechazan#\"><\/a><a href=\"https:\/\/www.diarioepoca.com\/1331314-unos-78-mil-usuarios-en-condiciones-de-recibir-subsidios-los-rechazan#\"><\/a><\/p>\n\n\n\n<p>El Gobierno nacional comenz\u00f3, desde el mes pasado, a quitar subsidios a la energ\u00eda sobre millones de hogares que tienen la Tarifa Social y no se inscribieron en la segmentaci\u00f3n. Ahora, aquellos que deban registrarse para mantener los subsidios a la luz tendr\u00e1n una \u00faltima oportunidad para hacerlo y el plazo est\u00e1 habilitado hasta hoy 4 de septiembre.<\/p>\n\n\n\n<p>El jueves todos los usuarios, pero sobre todo los residenciales de ingresos medios (N3) y bajos (N2), que nos se registren pagar\u00e1n m\u00e1s caro por la energ\u00eda y tambi\u00e9n tendr\u00e1n nuevos topes de consumo subsidiado. A nivel pa\u00eds estiman que 2.000.000 est\u00e1n en condiciones de sumarse al Registro de Acceso a los Subsidios a la Energ\u00eda (RASE).<\/p>\n\n\n\n<p>Desde el Ente Provincial Regulador El\u00e9ctrico de Corrientes (EPREC) comentaron que hasta ayer alrededor de 78.000 usuarios residenciales en condiciones de mantener las subvenciones del Estado no realizaron el tr\u00e1mite. El formulario para este servicio est\u00e1 disponible en la p\u00e1gina web del Gobierno nacional (argentina.gob.ar\/subsidios).<\/p>\n\n\n\n<p>Cuando se anunciaron los cambios, a finales de mayo, la cantidad de usuarios locales que no se inscribieron totalizaban 85.660. Es decir que en tres meses solo 7.660 personas se apresuraron para completar la gesti\u00f3n.<\/p>\n\n\n\n<p>Vale mencionar que la Secretar\u00eda de Energ\u00eda de la Naci\u00f3n ya no toma la n\u00f3mina suministrada por las provincias, sino que realiza una segmentaci\u00f3n bajo sus propios par\u00e1metros y de acuerdo a las solicitudes que registre en su sitio. Esto quiere decir que en Corrientes los principales perjudicados son los beneficiarios de la Tarifa Social<\/p>\n\n\n\n<p>Otro dato importante es que se elimin\u00f3 el tope de consumo subsidiado para hogares de Ingresos Medios (N3) de 550 kWh-mes en verano. &#8220;Con esta decisi\u00f3n ingresamos al r\u00e9gimen general&#8221;, explic\u00f3 a este medio Pablo Cuenca, presidente del EPREC. La media significar\u00eda una distribuci\u00f3n m\u00e1s equitativa de los recursos.<\/p>\n\n\n\n<h2 class=\"wp-block-heading\">\u00bfHabr\u00e1 una nueva pr\u00f3rroga?<\/h2>\n\n\n\n<p>A nivel local y nacional est\u00e1n circulando, en las \u00faltimas horas, rumores que aseguran que la inscripci\u00f3n podr\u00eda quedar abierta en la p\u00e1gina web. Mientras, los potenciales beneficiarios pasar\u00e1n a pagar sus tarifas de luz con aumentos hasta tanto logren realizar la autogesti\u00f3n.<\/p>\n\n\n\n<p>No obstante, el Gobierno nacional no se pronunci\u00f3 hasta ayer sobre una extensi\u00f3n en los plazos. En este sentido, se espera hoy la conferencia del vocero presidencial, Manuel Adorni, para saber si el tr\u00e1mite recibir\u00e1 m\u00e1s d\u00edas de gracia.<\/p>\n\n\n\n<p>El RASE divide a los usuarios residenciales en tres categor\u00edas: el grupo de menores ingresos est\u00e1 enmarcado en el Nivel 2, que cuenta con mayor cobertura de subsidios; un grupo intermedio -los agrupados en el Nivel 3-, recibe subsidios hasta un tope de consumo; y el grupo de mayores ingresos, el del Nivel 1, que ya dej\u00f3 de recibir la ayuda y paga la tarifa plena desde principios de a\u00f1o.<\/p>\n\n\n\n<h2 class=\"wp-block-heading\">\u00bfC\u00f3mo hacer el tr\u00e1mite para obtener el subsidio?<\/h2>\n\n\n\n<figure class=\"wp-block-image\"><img decoding=\"async\" src=\"https:\/\/www.diarioepoca.com\/content\/bucket\/8\/1382228w380h183c.jpg.webp\" alt=\"\"\/><\/figure>\n\n\n\n<p>Si alg\u00fan usuario no recuerda haber mandado su inscripci\u00f3n o quiere consultar el estado de su beneficio, se puede chequear en la web www.argentina.gob<\/p>\n\n\n\n<p>ar\/subsidios. En dicho link, el interesado deber\u00e1 tildar el apartado &#8220;modificar o eliminar la solicitud&#8221; e ingresar el n\u00famero de gesti\u00f3n, el n\u00famero de Documento Nacional de Identidad (DNI) y su correo electr\u00f3nico.<\/p>\n\n\n\n<p>En caso de no recordar el n\u00famero de gesti\u00f3n, el usuario podr\u00e1 ir a la secci\u00f3n &#8220;\u00bfOlvidaste tu n\u00famero de gesti\u00f3n?&#8221;, que pedir\u00e1 el DNI y la direcci\u00f3n de e-mail para reenviar el c\u00f3digo. Incluso, si tambi\u00e9n el usuario tampoco se acuerda del correo con el cual se inscribi\u00f3, tambi\u00e9n podr\u00e1 cliquear en &#8220;\u00bfNo record\u00e1s el correo? Consult\u00e1 a la Mesa de Ayuda&#8221;.<\/p>\n\n\n\n<p>En ese enlace habr\u00e1 que completar una serie de datos, dejar la actual direcci\u00f3n de correo electr\u00f3nico y chequear el mail. Si finalmente llega un mail de la Secretar\u00cda de Energ\u00eda (noresponder@email.argentina.gob.ar) con el n\u00famero de gesti\u00f3n, significa que ese usuario estaba inscripto en el RASE y no tiene que hacer nada.<\/p>\n\n\n\n<p>En caso de ser la primera vez que inicia el tr\u00e1mite, el interesado deber\u00e1 dirigirse a la secci\u00f3n &#8220;inscribite al RASE&#8221;. All\u00ed, la p\u00e1gina lo llevar\u00e1 a completar, de cero, todos los datos requeridos.<\/p>\n","protected":false},"excerpt":{"rendered":"<p>Incre\u00edble pero real. Miles de beneficiarios de la Tarifa Social a\u00fan no se anotaron para mantener las ayudas del Estado. De esta forma no lograr\u00e1n evitar un golpe fulminante en&hellip; <\/p>\n","protected":false},"author":12,"featured_media":163779,"comment_status":"closed","ping_status":"open","sticky":false,"template":"","format":"standard","meta":{"footnotes":""},"categories":[20,8],"tags":[],"class_list":["post-163770","post","type-post","status-publish","format-standard","has-post-thumbnail","hentry","category-economia","category-locales"],"_links":{"self":[{"href":"https:\/\/corrientesdetarde.com\/index.php\/wp-json\/wp\/v2\/posts\/163770","targetHints":{"allow":["GET"]}}],"collection":[{"href":"https:\/\/corrientesdetarde.com\/index.php\/wp-json\/wp\/v2\/posts"}],"about":[{"href":"https:\/\/corrientesdetarde.com\/index.php\/wp-json\/wp\/v2\/types\/post"}],"author":[{"embeddable":true,"href":"https:\/\/corrientesdetarde.com\/index.php\/wp-json\/wp\/v2\/users\/12"}],"replies":[{"embeddable":true,"href":"https:\/\/corrientesdetarde.com\/index.php\/wp-json\/wp\/v2\/comments?post=163770"}],"version-history":[{"count":1,"href":"https:\/\/corrientesdetarde.com\/index.php\/wp-json\/wp\/v2\/posts\/163770\/revisions"}],"predecessor-version":[{"id":163780,"href":"https:\/\/corrientesdetarde.com\/index.php\/wp-json\/wp\/v2\/posts\/163770\/revisions\/163780"}],"wp:featuredmedia":[{"embeddable":true,"href":"https:\/\/corrientesdetarde.com\/index.php\/wp-json\/wp\/v2\/media\/163779"}],"wp:attachment":[{"href":"https:\/\/corrientesdetarde.com\/index.php\/wp-json\/wp\/v2\/media?parent=163770"}],"wp:term":[{"taxonomy":"category","embeddable":true,"href":"https:\/\/corrientesdetarde.com\/index.php\/wp-json\/wp\/v2\/categories?post=163770"},{"taxonomy":"post_tag","embeddable":true,"href":"https:\/\/corrientesdetarde.com\/index.php\/wp-json\/wp\/v2\/tags?post=163770"}],"curies":[{"name":"wp","href":"https:\/\/api.w.org\/{rel}","templated":true}]}}