{"id":163791,"date":"2024-09-04T09:18:37","date_gmt":"2024-09-04T12:18:37","guid":{"rendered":"https:\/\/corrientesdetarde.com\/?p=163791"},"modified":"2024-09-04T09:19:02","modified_gmt":"2024-09-04T12:19:02","slug":"diez-anos-sin-gustavo-cerati-el-significado-mistico-que-esconde-la-ultima-cancion-que-canto-en-su-vida","status":"publish","type":"post","link":"https:\/\/corrientesdetarde.com\/index.php\/informacion-general\/diez-anos-sin-gustavo-cerati-el-significado-mistico-que-esconde-la-ultima-cancion-que-canto-en-su-vida\/","title":{"rendered":"Diez a\u00f1os sin Gustavo Cerati: el significado m\u00edstico que esconde la \u00faltima canci\u00f3n que cant\u00f3 en su vida"},"content":{"rendered":"\n<p>Este mi\u00e9rcoles<strong>\u00a04 de septiembre\u00a0<\/strong>se cumplen<strong>\u00a010 a\u00f1os de la muerte de\u00a0Gustavo Cerati<\/strong>, l\u00edder de una de las m\u00e1s emblem\u00e1ticas bandas de rock argentinas:\u00a0<strong>Soda Stereo<\/strong>.\u00a0<strong>Qui\u00e9n decidi\u00f3 desconectarlo\u00a0<\/strong>de las m\u00e1quinas que lo manten\u00edan con vida y\u00a0<strong>qu\u00e9 dijo el informe m\u00e9dico oficial sobre la causa de muerte<\/strong>\u00a0son datos que se fueron revelando con el tiempo y echaron luz sobre un tema que a\u00fan hoy<strong>\u00a0sigue generando tristeza<\/strong>\u00a0en los fan\u00e1ticos de toda Latinoam\u00e9rica.<\/p>\n\n\n\n<p><strong>Cerati\u00a0<\/strong>se descompuso mientras se encontraba realizando una gira y qued\u00f3 en\u00a0<strong>estado de coma<\/strong>\u00a0horas despu\u00e9s de brindar un concierto en\u00a0<strong>Caracas<\/strong>, Venezuela, el\u00a0<strong>15 de mayo de 2010.<\/strong>\u00a0Se hab\u00eda quejado de un\u00a0<strong>dolor de cabeza muy intenso<\/strong>\u00a0y con el paso de las horas su condici\u00f3n se fue agravando, hasta desencadenarse el<strong>\u00a0ACV que lo dej\u00f3 postrado.<\/strong><\/p>\n\n\n\n<p>Despu\u00e9s de un par de d\u00edas de&nbsp;<strong>enorme misterio<\/strong>&nbsp;en torno a su cuadro de salud, y mientras se tej\u00edan diversas especulaciones, la Cl\u00ednica La Trinidad inform\u00f3 en un comunicado que Cerati padeci\u00f3&nbsp;<strong>\u201cun evento vascular isqu\u00e9mico con afasia de expresi\u00f3n, producto de un accidente cerebrovascular (ACV)\u201d.<\/strong><\/p>\n\n\n\n<h2 class=\"wp-block-heading\">Las \u00faltimas palabras de Gustavo Cerati a sus fan\u00e1ticos<\/h2>\n\n\n\n<p>Hubo una \u00faltima canci\u00f3n y unas \u00faltimas palabras a los fan\u00e1ticos que lo disfrutaron en aquella noche de Caracas. Su tema de despedida fue&nbsp;<strong>\u201cLago en el cielo\u201d<\/strong>; de acuerdo con una entrevista que brind\u00f3 el m\u00fasico argentino, dijo que en esas estrofas<strong>&nbsp;\u201chabla con Dios\u201d<\/strong>. Por eso menciona que le regalara un lago en el cielo, \u201cquiere ser suave en la tierra para evitar la dureza en la otra vida\u201d.<\/p>\n\n\n\n<p>Antes de la interpretaci\u00f3n, present\u00f3 la canci\u00f3n con esta frase: \u201cAh\u00ed va un regalo. No m\u00edo, sino de la naturaleza, o de lo que sea. Un lago en el cielo para todos. Ac\u00e1 que estamos bien alto. \u00a1Gracias Caracas!\u201d. Fueron casi siete minutos de m\u00fasica, con un solo en su guitarra que se extendi\u00f3 por casi dos minutos a modo de sello final.<\/p>\n\n\n\n<figure class=\"wp-block-image\"><img decoding=\"async\" src=\"https:\/\/tn.com.ar\/resizer\/v2\/gustavo-cerati-se-descompuso-poco-despues-de-brindar-un-recital-en-caracas-y-estuvo-mas-de-4-anos-internado-en-estado-de-coma-hasta-que-fue-desconectado-y-fallecio-el-4-de-septiembre-de-2014-foto-instagram-cerati-SY56Y7JYRBF6DA5V7BHL4YDU5A.jpg?auth=a91965581f9fa6cd349d504b4db860a95a44c900ac0c41dc2767370af52f27c5&amp;width=767\" alt=\"Gustavo Cerati se descompuso poco despu\u00e9s de brindar un recital en Caracas y estuvo m\u00e1s de 4 a\u00f1os internado en estado de coma, hasta que fue desconectado y falleci\u00f3 el 4 de septiembre de 2014. (Foto: Instagram @cerati)\"\/><figcaption class=\"wp-element-caption\">Gustavo Cerati se descompuso poco despu\u00e9s de brindar un recital en Caracas y estuvo m\u00e1s de 4 a\u00f1os internado en estado de coma, hasta que fue desconectado y falleci\u00f3 el 4 de septiembre de 2014. (Foto: Instagram @cerati)<\/figcaption><\/figure>\n\n\n\n<p>Despu\u00e9s de semejante demostraci\u00f3n de destreza y talento, Gustavo Cerati mir\u00f3 a la multitud:&nbsp;<strong>\u201cChao Venezuela\u201d<\/strong>, le dijo a la audiencia, antes de mandarle un beso al aire. Y repiti\u00f3: \u201cHasta la pr\u00f3xima. Chao\u201d. Ya nunca m\u00e1s iba a hablar en p\u00fablico.<\/p>\n\n\n\n<p>Hab\u00eda llegado al centro de salud consciente<strong>, pero sin poder hablar ni mover los m\u00fasculos de su costado derecho<\/strong>. A poco m\u00e1s de 48 horas de su ingreso, el cuadro se complic\u00f3 y&nbsp;<strong>qued\u00f3 en coma<\/strong>. \u201cVa a salir adelante, hay que tener fe. No s\u00f3lo en la ciencia, sino tambi\u00e9n fe en Dios<strong>, recen mucho, les pido que no bajen los brazos<\/strong>\u201d, expres\u00f3 su madre,<strong>&nbsp;Lilian Clarke<\/strong>, a los medios de comunicaci\u00f3n, en esos d\u00edas de angustia e incertidumbre.<\/p>\n\n\n\n<figure class=\"wp-block-image\"><img decoding=\"async\" src=\"https:\/\/tn.com.ar\/resizer\/v2\/https%3A%2F%2Fthumbs.vodgc.net%2F1-398-or8mzb1724979905525_360P.jpg?auth=0d585b747c04042e6c34c1c9c2540b2eb4270d2a18385d86a7ab1bf19b6e2b11&amp;width=767\" alt=\"Video Placeholder\"\/><\/figure>\n\n\n\n<p>Lago en el Cielo, la \u00faltima canci\u00f3n que cant\u00f3 Gustavo Cerati.<\/p>\n\n\n\n<p>En ese momento sali\u00f3 a la luz un antiguo cuadro de trombosis que sufr\u00eda&nbsp;<strong>Cerati<\/strong>, que pese a las indicaciones m\u00e9dicas continuaba&nbsp;<strong>fumando<\/strong>. Tambi\u00e9n se hablaba de los excesos en los que incurr\u00eda, poniendo en serio riesgo su salud en base a ese antecedente cercano.<\/p>\n\n\n\n<p>Un mes despu\u00e9s de la descompensaci\u00f3n fue&nbsp;<strong>tra\u00eddo a Buenos Aires,<\/strong>&nbsp;donde qued\u00f3 internado en el&nbsp;<strong>instituto Fleni<\/strong>. Cuando los m\u00e9dicos que lo atendieron le explicaron a la familia que los da\u00f1os cerebrales que hab\u00eda sufrido<strong>&nbsp;eran irreversibles<\/strong>, en octubre de 2010 se decidi\u00f3 trasladarlo a la<strong>&nbsp;cl\u00ednica de rehabilitaci\u00f3n integral ALCLA<\/strong>, ubicada en el barrio de&nbsp;<strong>N\u00fa\u00f1ez<\/strong>.<\/p>\n\n\n\n<h2 class=\"wp-block-heading\">Las \u00faltimas horas de Gustavo Cerati<\/h2>\n\n\n\n<p>Durante los<strong>&nbsp;casi cuatro a\u00f1os&nbsp;<\/strong>que permaneci\u00f3 internado all\u00ed Cerati fue visitado por diversas personalidades de la cultura y espec\u00edficamente del rock. Hubo&nbsp;<strong>quienes cantaron junto a su cama<\/strong>&nbsp;y creyeron haber percibido&nbsp;<strong>alguna reacci\u00f3n de Gustavo&nbsp;<\/strong>y as\u00ec lo manifestaron p\u00fablicamente.<\/p>\n\n\n\n<p><strong>Fue su familia\u00a0la que decidi\u00f3 desconectar a Cerati\u00a0<\/strong>el 4 de septiembre de 2014. La decisi\u00f3n se ven\u00eda pensando y discutiendo entre sus seres queridos y finalmente concluyeron que ante la falta de expectativas de restablecimiento<strong>\u00a0lo mejor era poner punto final a su agon\u00eda.<\/strong>\u00a0El informe m\u00e9dico oficial registr\u00f3 su fallecimiento\u00a0<strong>a causa de un paro cardiorrespiratorio.<\/strong><\/p>\n\n\n\n<p>Se hizo un<strong>&nbsp;multitudinario funeral p\u00fablico&nbsp;<\/strong>en la Legislatura de la Ciudad Aut\u00f3noma de Buenos Aires y&nbsp;<strong>sus restos<\/strong>&nbsp;fueron llevados al&nbsp;<strong>Cementerio de la Chacarita.<\/strong><\/p>\n\n\n\n<p>Nacido como&nbsp;<strong>Gustavo Adri\u00e1n Cerati,&nbsp;<\/strong>en Buenos Aires, el 11 de agosto de 1959, ten\u00eda por entonces<strong>&nbsp;55 a\u00f1os.&nbsp;<\/strong>Con la modelo chilena&nbsp;<strong>Cecilia Amen\u00e1bar&nbsp;<\/strong>tuvo a sus dos \u00fanicos hijos:<strong>&nbsp;Benito,<\/strong>&nbsp;que es m\u00fasico y hoy tiene<strong>&nbsp;30 a\u00f1os,&nbsp;<\/strong>y&nbsp;<strong>Lisa, de 27.<\/strong><\/p>\n\n\n\n<p>Con Soda Stereo, la emblem\u00e1tica banda que integr\u00f3 junto a&nbsp;<strong>Zeta Bossio&nbsp;<\/strong>y<strong>&nbsp;Charly Alberti,&nbsp;<\/strong>Cerati fusion\u00f3 el rock, el pop y la electr\u00f3nica,<strong>&nbsp;logrando \u00e9xito en toda Latinoam\u00e9rica<\/strong>&nbsp;en los a\u00f1os 80 y 90. Tras la disoluci\u00f3n del grupo, continu\u00f3 su carrera en solitario, explorando sonidos experimentales y creando discos muy elogiados, como&nbsp;<em><strong>Bocanada<\/strong><\/em>y&nbsp;<em><strong>Ah\u00ed Vamos<\/strong><\/em>. Est\u00e1 considerado como una de las figuras m\u00e1s importantes del rock en espa\u00f1ol. y su legado sigue inspirando a las nuevas generaciones.<\/p>\n","protected":false},"excerpt":{"rendered":"<p>Este mi\u00e9rcoles\u00a04 de septiembre\u00a0se cumplen\u00a010 a\u00f1os de la muerte de\u00a0Gustavo Cerati, l\u00edder de una de las m\u00e1s emblem\u00e1ticas bandas de rock argentinas:\u00a0Soda Stereo.\u00a0Qui\u00e9n decidi\u00f3 desconectarlo\u00a0de las m\u00e1quinas que lo manten\u00edan&hellip; <\/p>\n","protected":false},"author":12,"featured_media":163813,"comment_status":"closed","ping_status":"open","sticky":false,"template":"","format":"standard","meta":{"footnotes":""},"categories":[1],"tags":[],"class_list":["post-163791","post","type-post","status-publish","format-standard","has-post-thumbnail","hentry","category-informacion-general"],"_links":{"self":[{"href":"https:\/\/corrientesdetarde.com\/index.php\/wp-json\/wp\/v2\/posts\/163791","targetHints":{"allow":["GET"]}}],"collection":[{"href":"https:\/\/corrientesdetarde.com\/index.php\/wp-json\/wp\/v2\/posts"}],"about":[{"href":"https:\/\/corrientesdetarde.com\/index.php\/wp-json\/wp\/v2\/types\/post"}],"author":[{"embeddable":true,"href":"https:\/\/corrientesdetarde.com\/index.php\/wp-json\/wp\/v2\/users\/12"}],"replies":[{"embeddable":true,"href":"https:\/\/corrientesdetarde.com\/index.php\/wp-json\/wp\/v2\/comments?post=163791"}],"version-history":[{"count":1,"href":"https:\/\/corrientesdetarde.com\/index.php\/wp-json\/wp\/v2\/posts\/163791\/revisions"}],"predecessor-version":[{"id":163814,"href":"https:\/\/corrientesdetarde.com\/index.php\/wp-json\/wp\/v2\/posts\/163791\/revisions\/163814"}],"wp:featuredmedia":[{"embeddable":true,"href":"https:\/\/corrientesdetarde.com\/index.php\/wp-json\/wp\/v2\/media\/163813"}],"wp:attachment":[{"href":"https:\/\/corrientesdetarde.com\/index.php\/wp-json\/wp\/v2\/media?parent=163791"}],"wp:term":[{"taxonomy":"category","embeddable":true,"href":"https:\/\/corrientesdetarde.com\/index.php\/wp-json\/wp\/v2\/categories?post=163791"},{"taxonomy":"post_tag","embeddable":true,"href":"https:\/\/corrientesdetarde.com\/index.php\/wp-json\/wp\/v2\/tags?post=163791"}],"curies":[{"name":"wp","href":"https:\/\/api.w.org\/{rel}","templated":true}]}}