{"id":163792,"date":"2024-09-04T09:16:43","date_gmt":"2024-09-04T12:16:43","guid":{"rendered":"https:\/\/corrientesdetarde.com\/?p=163792"},"modified":"2024-09-04T09:16:44","modified_gmt":"2024-09-04T12:16:44","slug":"asesinato-y-venganza-en-merlo-estuvo-profugo-durante-siete-anos-y-cayo-cuando-fue-a-renovar-su-dni","status":"publish","type":"post","link":"https:\/\/corrientesdetarde.com\/index.php\/policiales\/asesinato-y-venganza-en-merlo-estuvo-profugo-durante-siete-anos-y-cayo-cuando-fue-a-renovar-su-dni\/","title":{"rendered":"Asesinato y venganza en Merlo: estuvo pr\u00f3fugo durante siete a\u00f1os y cay\u00f3 cuando fue a renovar su DNI"},"content":{"rendered":"\n<p>Un hombre que estaba<strong>&nbsp;pr\u00f3fugo desde hace siete a\u00f1os<\/strong>&nbsp;acusado de asesinar de un&nbsp;<strong>disparo a quemarropa a un vecino<\/strong>&nbsp;en la localidad bonaerense de Bernal cay\u00f3 en las \u00faltimas horas tras&nbsp;<strong>cometer un ins\u00f3lito descuido<\/strong>: fue a renovar el DNI.<\/p>\n\n\n\n<p>Se trata de Juan Carlos Ca\u00f1ete, a quien la polic\u00eda buscaba desde el\u00a0<strong>26 de junio de 2017<\/strong>\u00a0por el crimen de H\u00e9ctor Sebasti\u00e1n Ib\u00e1\u00f1ez. De acuerdo a la investigaci\u00f3n, el agresor acusaba a la v\u00edctima de haberle<strong>\u00a0robado a su hermana cuando estaba con su sobrinita<\/strong>\u00a0y hab\u00eda jurado vengarse.<\/p>\n\n\n\n<p>\u201c\u00bfTe acord\u00e1s de m\u00ed?,&nbsp;<strong>te dije que te iba a encontrar\u201d<\/strong>, fueron seg\u00fan los testigos las palabras de Ca\u00f1ete, el d\u00eda que finalmente se cruz\u00f3 en la calle con Ib\u00e1\u00f1ez. Y le grit\u00f3:&nbsp;<strong>\u201cHasta ac\u00e1 llegaste\u201d<\/strong>. Despu\u00e9s, se escuch\u00f3 una sola detonaci\u00f3n y el asesino desapareci\u00f3.<\/p>\n\n\n\n<p>El disparo, certero, perfor\u00f3 el pulm\u00f3n izquierdo y desgarr\u00f3 la arteria aorta de Ib\u00e1\u00f1ez, que lleg\u00f3 Hospital de Wilde con&nbsp;<strong>m\u00faltiples fallos org\u00e1nicos y muri\u00f3<\/strong>&nbsp;poco despu\u00e9s de ingresar, pese al esfuerzo de los m\u00e9dicos por estabilizarlo.<\/p>\n\n\n\n<h2 class=\"wp-block-heading\">Siete a\u00f1os pr\u00f3fugo por un crimen<\/h2>\n\n\n\n<p>El&nbsp;<strong>conflicto que exist\u00eda entre Ca\u00f1ete e Iba\u00f1ez<\/strong>&nbsp;fue la primera certeza que surgi\u00f3 en la causa por Homicidio que llev\u00f3 adelante el fiscal Mart\u00edn Conde, a cargo de la Unidad Funcional de Instrucci\u00f3n (UFI) 3 de Quilmes. Sin embargo, con la polic\u00eda pis\u00e1ndole los talones, el sospechoso<strong>&nbsp;logr\u00f3 evadir a las autoridades<\/strong>&nbsp;durante siete a\u00f1os.<\/p>\n\n\n\n<figure class=\"wp-block-image\"><img decoding=\"async\" src=\"https:\/\/tn.com.ar\/resizer\/v2\/el-profugo-se-delato-cuando-fue-a-renovar-el-dni-foto-gentileza-infobae-V3DXKJELING3FCU2KX3IAANZH4.JPG?auth=914be5eee22e6b1efad706ca613f8ceddea86436693011dba971e5e8b0822f01&amp;width=767\" alt=\"El pr\u00f3fugo se delat\u00f3 cuando fue a renovar el DNI. (Foto: gentileza Infobae).\"\/><figcaption class=\"wp-element-caption\">El pr\u00f3fugo se delat\u00f3 cuando fue a renovar el DNI. (Foto: gentileza Infobae).<\/figcaption><\/figure>\n\n\n\n<p>En base al expediente, Ca\u00f1ete se ocult\u00f3\u00a0<strong>varios a\u00f1os en a provincia de Formosa<\/strong>\u00a0y con el tiempo regres\u00f3 a Buenos Aires, pero segu\u00edan sin una pista firme que permitiera llegar a \u00e9l.<\/p>\n\n\n\n<p>Finalmente, fue el propio Ca\u00f1ete quien se delat\u00f3 a s\u00ed mismo meses atr\u00e1s cuando<strong>&nbsp;fue a renovar su DNI e inform\u00f3 un domicilio<\/strong>&nbsp;sobre la calle R\u00edo Negro, en la localidad de La Reja. \u201cHab\u00eda dado una&nbsp;<strong>direcci\u00f3n a dos cuadras<\/strong>&nbsp;de donde resid\u00eda\u201d, precis\u00f3 un investigador al diario<em>&nbsp;Clar\u00edn.<\/em><\/p>\n\n\n\n<p>Ca\u00f1ete fue detenido y trasladado a la comisar\u00eda s\u00e9ptima de La Reja. En las pr\u00f3ximas horas ser\u00e1 indagado por el delito de&nbsp;<strong>\u201chomicidio agravado por el uso de arma de fuego<\/strong>\u201d, que prev\u00e9 una pena en expectativa de prisi\u00f3n perpetua.<\/p>\n","protected":false},"excerpt":{"rendered":"<p>Un hombre que estaba&nbsp;pr\u00f3fugo desde hace siete a\u00f1os&nbsp;acusado de asesinar de un&nbsp;disparo a quemarropa a un vecino&nbsp;en la localidad bonaerense de Bernal cay\u00f3 en las \u00faltimas horas tras&nbsp;cometer un ins\u00f3lito&hellip; <\/p>\n","protected":false},"author":12,"featured_media":163811,"comment_status":"closed","ping_status":"open","sticky":false,"template":"","format":"standard","meta":{"footnotes":""},"categories":[33],"tags":[],"class_list":["post-163792","post","type-post","status-publish","format-standard","has-post-thumbnail","hentry","category-policiales"],"_links":{"self":[{"href":"https:\/\/corrientesdetarde.com\/index.php\/wp-json\/wp\/v2\/posts\/163792","targetHints":{"allow":["GET"]}}],"collection":[{"href":"https:\/\/corrientesdetarde.com\/index.php\/wp-json\/wp\/v2\/posts"}],"about":[{"href":"https:\/\/corrientesdetarde.com\/index.php\/wp-json\/wp\/v2\/types\/post"}],"author":[{"embeddable":true,"href":"https:\/\/corrientesdetarde.com\/index.php\/wp-json\/wp\/v2\/users\/12"}],"replies":[{"embeddable":true,"href":"https:\/\/corrientesdetarde.com\/index.php\/wp-json\/wp\/v2\/comments?post=163792"}],"version-history":[{"count":1,"href":"https:\/\/corrientesdetarde.com\/index.php\/wp-json\/wp\/v2\/posts\/163792\/revisions"}],"predecessor-version":[{"id":163812,"href":"https:\/\/corrientesdetarde.com\/index.php\/wp-json\/wp\/v2\/posts\/163792\/revisions\/163812"}],"wp:featuredmedia":[{"embeddable":true,"href":"https:\/\/corrientesdetarde.com\/index.php\/wp-json\/wp\/v2\/media\/163811"}],"wp:attachment":[{"href":"https:\/\/corrientesdetarde.com\/index.php\/wp-json\/wp\/v2\/media?parent=163792"}],"wp:term":[{"taxonomy":"category","embeddable":true,"href":"https:\/\/corrientesdetarde.com\/index.php\/wp-json\/wp\/v2\/categories?post=163792"},{"taxonomy":"post_tag","embeddable":true,"href":"https:\/\/corrientesdetarde.com\/index.php\/wp-json\/wp\/v2\/tags?post=163792"}],"curies":[{"name":"wp","href":"https:\/\/api.w.org\/{rel}","templated":true}]}}