{"id":163819,"date":"2024-09-04T10:39:41","date_gmt":"2024-09-04T13:39:41","guid":{"rendered":"https:\/\/corrientesdetarde.com\/?p=163819"},"modified":"2024-09-04T10:40:22","modified_gmt":"2024-09-04T13:40:22","slug":"plus-unificado-valdes-anuncia-dias-de-pagos-del-adicional-de-septiembre","status":"publish","type":"post","link":"https:\/\/corrientesdetarde.com\/index.php\/locales\/plus-unificado-valdes-anuncia-dias-de-pagos-del-adicional-de-septiembre\/","title":{"rendered":"Plus Unificado: Vald\u00e9s anuncia d\u00edas de pagos del adicional de septiembre"},"content":{"rendered":"\n<p>A trav\u00e9s de sus redes sociales, @gustavovaldesok, el gobernador Gustavo Vald\u00e9s anunci\u00f3 la ejecuci\u00f3n del cronograma del Plus Unificado entre este viernes 6 y el jueves 12. Desde agosto pasado, el Adicional Remunerativo Mensual se liquida con un 17% de aumento; de $47.000 se elev\u00f3 a $55.000. Alcanza a los agentes de la administraci\u00f3n p\u00fablica provincial, tanto activos, jubilados y pensionados.<\/p>\n\n\n\n<p>El cronograma del Adicional Remunerativo Mensual, de $55 mil pesos por agente, comienza a ejecutarse desde este viernes 6, d\u00eda que percibir\u00e1n aquellos con Documento Nacional de identidad terminados en 0 y 1.<\/p>\n\n\n\n<p>El lunes 9, ser\u00e1 el turno de los agentes con documentos terminados en 2 y 3. Este tramo estar\u00e1 disponible desde el s\u00e1bado 7, a trav\u00e9s de los cajeros habilitados por el Banco de Corrientes SA.<\/p>\n\n\n\n<p>El martes 10, quienes tengan los n\u00fameros 4 y 5. El mi\u00e9rcoles 11, percibir\u00e1n aquellos con DNI terminados en 6 y 7. El cronograma finaliza el jueves 12, jornada que cobrar\u00e1n los agentes con documentos terminados en 8 y 9.<\/p>\n\n\n\n<figure class=\"wp-block-image size-large\"><img decoding=\"async\" src=\"https:\/\/corrientesdetarde.com\/wp-content\/uploads\/2024\/09\/image-114-1024x1024.png\" alt=\"\" class=\"wp-image-163820\"\/><\/figure>\n","protected":false},"excerpt":{"rendered":"<p>A trav\u00e9s de sus redes sociales, @gustavovaldesok, el gobernador Gustavo Vald\u00e9s anunci\u00f3 la ejecuci\u00f3n del cronograma del Plus Unificado entre este viernes 6 y el jueves 12. Desde agosto pasado,&hellip; <\/p>\n","protected":false},"author":1,"featured_media":83472,"comment_status":"closed","ping_status":"open","sticky":false,"template":"","format":"standard","meta":{"footnotes":""},"categories":[8],"tags":[],"class_list":["post-163819","post","type-post","status-publish","format-standard","has-post-thumbnail","hentry","category-locales"],"_links":{"self":[{"href":"https:\/\/corrientesdetarde.com\/index.php\/wp-json\/wp\/v2\/posts\/163819","targetHints":{"allow":["GET"]}}],"collection":[{"href":"https:\/\/corrientesdetarde.com\/index.php\/wp-json\/wp\/v2\/posts"}],"about":[{"href":"https:\/\/corrientesdetarde.com\/index.php\/wp-json\/wp\/v2\/types\/post"}],"author":[{"embeddable":true,"href":"https:\/\/corrientesdetarde.com\/index.php\/wp-json\/wp\/v2\/users\/1"}],"replies":[{"embeddable":true,"href":"https:\/\/corrientesdetarde.com\/index.php\/wp-json\/wp\/v2\/comments?post=163819"}],"version-history":[{"count":2,"href":"https:\/\/corrientesdetarde.com\/index.php\/wp-json\/wp\/v2\/posts\/163819\/revisions"}],"predecessor-version":[{"id":163822,"href":"https:\/\/corrientesdetarde.com\/index.php\/wp-json\/wp\/v2\/posts\/163819\/revisions\/163822"}],"wp:featuredmedia":[{"embeddable":true,"href":"https:\/\/corrientesdetarde.com\/index.php\/wp-json\/wp\/v2\/media\/83472"}],"wp:attachment":[{"href":"https:\/\/corrientesdetarde.com\/index.php\/wp-json\/wp\/v2\/media?parent=163819"}],"wp:term":[{"taxonomy":"category","embeddable":true,"href":"https:\/\/corrientesdetarde.com\/index.php\/wp-json\/wp\/v2\/categories?post=163819"},{"taxonomy":"post_tag","embeddable":true,"href":"https:\/\/corrientesdetarde.com\/index.php\/wp-json\/wp\/v2\/tags?post=163819"}],"curies":[{"name":"wp","href":"https:\/\/api.w.org\/{rel}","templated":true}]}}