{"id":163825,"date":"2024-09-04T10:46:19","date_gmt":"2024-09-04T13:46:19","guid":{"rendered":"https:\/\/corrientesdetarde.com\/?p=163825"},"modified":"2024-09-04T10:48:36","modified_gmt":"2024-09-04T13:48:36","slug":"violento-cruce-entre-carreros-y-la-policia-hay-detenidos","status":"publish","type":"post","link":"https:\/\/corrientesdetarde.com\/index.php\/actualidad\/violento-cruce-entre-carreros-y-la-policia-hay-detenidos\/","title":{"rendered":"Violento cruce entre carreros y la Polic\u00eda: hay detenidos"},"content":{"rendered":"\n<p>En las primeras horas de este mi\u00e9rcoles, carreros se manifestaron en inmediaciones de la Direcci\u00f3n&nbsp;de Tr\u00e1nsito y se enfrentaron con la Polic\u00eda.&nbsp;<\/p>\n\n\n\n<p>Seg\u00fan las primeras averiguaciones, hubo disparos de balas de goma de la Polic\u00eda y los carreros arrojaron piedras a los efectivos.<\/p>\n\n\n\n<p>El hecho ocurri\u00f3 en la intersecci\u00f3n de la avenida Artigas y calle San Mart\u00edn&nbsp;<\/p>\n\n\n\n<p>Un polic\u00eda&nbsp;result\u00f3&nbsp;herido en una de sus manos.<\/p>\n\n\n\n<p>Adem\u00e1s, se demoraron a 3 hombres y dos mujeres..&nbsp;<\/p>\n\n\n\n<p>Por su parte, los carreros denunciaron que est\u00e1n siendo perseguidos por la polic\u00eda y personal de tr\u00e1nsito, lo que dificulta su trabajo diario.\u00a0<\/p>\n\n\n\n<figure class=\"wp-block-image size-full\"><img loading=\"lazy\" decoding=\"async\" width=\"600\" height=\"600\" src=\"https:\/\/corrientesdetarde.com\/wp-content\/uploads\/2024\/09\/image-117.png\" alt=\"\" class=\"wp-image-163833\" srcset=\"https:\/\/corrientesdetarde.com\/wp-content\/uploads\/2024\/09\/image-117.png 600w, https:\/\/corrientesdetarde.com\/wp-content\/uploads\/2024\/09\/image-117-300x300.png 300w, https:\/\/corrientesdetarde.com\/wp-content\/uploads\/2024\/09\/image-117-150x150.png 150w\" sizes=\"auto, (max-width: 600px) 100vw, 600px\" \/><\/figure>\n\n\n\n<figure class=\"wp-block-image size-full\"><img loading=\"lazy\" decoding=\"async\" width=\"790\" height=\"790\" src=\"https:\/\/corrientesdetarde.com\/wp-content\/uploads\/2024\/09\/image-118.png\" alt=\"\" class=\"wp-image-163834\" srcset=\"https:\/\/corrientesdetarde.com\/wp-content\/uploads\/2024\/09\/image-118.png 790w, https:\/\/corrientesdetarde.com\/wp-content\/uploads\/2024\/09\/image-118-300x300.png 300w, https:\/\/corrientesdetarde.com\/wp-content\/uploads\/2024\/09\/image-118-150x150.png 150w, https:\/\/corrientesdetarde.com\/wp-content\/uploads\/2024\/09\/image-118-768x768.png 768w\" sizes=\"auto, (max-width: 790px) 100vw, 790px\" \/><\/figure>\n","protected":false},"excerpt":{"rendered":"<p>En las primeras horas de este mi\u00e9rcoles, carreros se manifestaron en inmediaciones de la Direcci\u00f3n&nbsp;de Tr\u00e1nsito y se enfrentaron con la Polic\u00eda.&nbsp; Seg\u00fan las primeras averiguaciones, hubo disparos de balas&hellip; <\/p>\n","protected":false},"author":1,"featured_media":163828,"comment_status":"closed","ping_status":"open","sticky":false,"template":"","format":"standard","meta":{"footnotes":""},"categories":[23],"tags":[],"class_list":["post-163825","post","type-post","status-publish","format-standard","has-post-thumbnail","hentry","category-actualidad"],"_links":{"self":[{"href":"https:\/\/corrientesdetarde.com\/index.php\/wp-json\/wp\/v2\/posts\/163825","targetHints":{"allow":["GET"]}}],"collection":[{"href":"https:\/\/corrientesdetarde.com\/index.php\/wp-json\/wp\/v2\/posts"}],"about":[{"href":"https:\/\/corrientesdetarde.com\/index.php\/wp-json\/wp\/v2\/types\/post"}],"author":[{"embeddable":true,"href":"https:\/\/corrientesdetarde.com\/index.php\/wp-json\/wp\/v2\/users\/1"}],"replies":[{"embeddable":true,"href":"https:\/\/corrientesdetarde.com\/index.php\/wp-json\/wp\/v2\/comments?post=163825"}],"version-history":[{"count":2,"href":"https:\/\/corrientesdetarde.com\/index.php\/wp-json\/wp\/v2\/posts\/163825\/revisions"}],"predecessor-version":[{"id":163836,"href":"https:\/\/corrientesdetarde.com\/index.php\/wp-json\/wp\/v2\/posts\/163825\/revisions\/163836"}],"wp:featuredmedia":[{"embeddable":true,"href":"https:\/\/corrientesdetarde.com\/index.php\/wp-json\/wp\/v2\/media\/163828"}],"wp:attachment":[{"href":"https:\/\/corrientesdetarde.com\/index.php\/wp-json\/wp\/v2\/media?parent=163825"}],"wp:term":[{"taxonomy":"category","embeddable":true,"href":"https:\/\/corrientesdetarde.com\/index.php\/wp-json\/wp\/v2\/categories?post=163825"},{"taxonomy":"post_tag","embeddable":true,"href":"https:\/\/corrientesdetarde.com\/index.php\/wp-json\/wp\/v2\/tags?post=163825"}],"curies":[{"name":"wp","href":"https:\/\/api.w.org\/{rel}","templated":true}]}}