{"id":163826,"date":"2024-09-04T10:43:00","date_gmt":"2024-09-04T13:43:00","guid":{"rendered":"https:\/\/corrientesdetarde.com\/?p=163826"},"modified":"2024-09-04T10:43:11","modified_gmt":"2024-09-04T13:43:11","slug":"aumentara-12-la-energia-electrica-en-corrientes-los-detalles-del-incremento","status":"publish","type":"post","link":"https:\/\/corrientesdetarde.com\/index.php\/economia\/aumentara-12-la-energia-electrica-en-corrientes-los-detalles-del-incremento\/","title":{"rendered":"Aumentar\u00e1 12% la energ\u00eda el\u00e9ctrica en Corrientes: los detalles del incremento"},"content":{"rendered":"\n<p>Aumentar\u00e1 12% la energ\u00eda el\u00e9ctrica en Corrientes luego del anuncio de incrementos en gas y electricidad por parte del&nbsp;Gobierno Nacional oficializado a trav\u00e9s del Bolet\u00edn Oficial.&nbsp;Pablo Cuenca, presidente&nbsp;del Ente Regulador El\u00e9ctrico de Corrientes, inform\u00f3 a Hoja de Ruta detalles de la suba que alcanzar\u00e1 a todos los usuarios. Este mi\u00e9rcoles es el \u00faltimo d\u00eda de inscripci\u00f3n al Rase para obtener el subsidio estatal.&nbsp;<\/p>\n\n\n\n<p>&#8220;Tiene que ver con los precios mayoristas que se actualizan.&nbsp;Se sancionan nuevos precios con car\u00e1cter regular, cuatro veces al a\u00f1o y este es uno&#8221;, explic\u00f3.&nbsp;<strong>&#8220;En este caso, el incremento de precios mayoristas ronda aproximadamente un 12%, para ser m\u00e1s preciso y alcanza a todos los usuarios&#8221;, confirm\u00f3&nbsp;Cuenca.<\/strong><\/p>\n\n\n\n<p>Sobre la fecha estimada, destac\u00f3 que depender\u00e1 de un proceso burocr\u00e1tico interno que debe darse antes. &#8220;Est\u00e1 en proceso de validaci\u00f3n, tiene que pasar por un tr\u00e1mite interno que tenemos a nivel provincial. Estamos en ese proceso ahora. Entonces, una vez que empez\u00f3 a correr el mes, de una decisi\u00f3n que empieza a tomar efecto para la distribuidora de manera retroactiva&#8221;, indic\u00f3.&nbsp;En otras provincias, indicaron que la suba vendr\u00e1 en las pr\u00f3ximas facturas.&nbsp;<\/p>\n\n\n\n<p><strong>\u00daltimo d\u00eda de inscripci\u00f3n al subsidio<\/strong><\/p>\n\n\n\n<p><strong>Este mi\u00e9rcoles termina el plazo para inscribirse en el registro que se necesita para recibir los subsidios a las tarifas de luz y gas<\/strong>. Deber\u00e1n hacerlo aquellas personas que se encuentren dentro de la categor\u00eda N2 -la de ingresos m\u00e1s bajos-, que sean beneficiarios de la tarifa social y que nunca antes se hayan anotado.<\/p>\n\n\n\n<p>&#8220;El sistema o la idea que implement\u00f3 tanto la anterior como la actual del Gobierno Nacional, nosotros dec\u00edamos, no se va a traducir en un inter\u00e9s directo por parte de los usuarios por&nbsp;diversas razones. Una de ellas es que es solamente se pod\u00eda hacer virtual&#8221;, se\u00f1al\u00f3.&nbsp;<\/p>\n\n\n\n<p>Cabe recordar que podr\u00e1n acceder al subsidio aquellas personas que se encuentren dentro de la categor\u00eda N2 -la de ingresos m\u00e1s bajos-, que sean beneficiarios de la tarifa social y que nunca antes se hayan anotado.\u00a0<\/p>\n\n\n\n<p>El funcionario tambi\u00e9n destac\u00f3 que si bien este es el tope que pone el Gobierno Nacional en fechas, las personas podr\u00e1n inscribirse de todas formas pasado el tiempo.\u00a0<\/p>\n","protected":false},"excerpt":{"rendered":"<p>Aumentar\u00e1 12% la energ\u00eda el\u00e9ctrica en Corrientes luego del anuncio de incrementos en gas y electricidad por parte del&nbsp;Gobierno Nacional oficializado a trav\u00e9s del Bolet\u00edn Oficial.&nbsp;Pablo Cuenca, presidente&nbsp;del Ente Regulador&hellip; <\/p>\n","protected":false},"author":1,"featured_media":136659,"comment_status":"closed","ping_status":"open","sticky":false,"template":"","format":"standard","meta":{"footnotes":""},"categories":[20],"tags":[],"class_list":["post-163826","post","type-post","status-publish","format-standard","has-post-thumbnail","hentry","category-economia"],"_links":{"self":[{"href":"https:\/\/corrientesdetarde.com\/index.php\/wp-json\/wp\/v2\/posts\/163826","targetHints":{"allow":["GET"]}}],"collection":[{"href":"https:\/\/corrientesdetarde.com\/index.php\/wp-json\/wp\/v2\/posts"}],"about":[{"href":"https:\/\/corrientesdetarde.com\/index.php\/wp-json\/wp\/v2\/types\/post"}],"author":[{"embeddable":true,"href":"https:\/\/corrientesdetarde.com\/index.php\/wp-json\/wp\/v2\/users\/1"}],"replies":[{"embeddable":true,"href":"https:\/\/corrientesdetarde.com\/index.php\/wp-json\/wp\/v2\/comments?post=163826"}],"version-history":[{"count":1,"href":"https:\/\/corrientesdetarde.com\/index.php\/wp-json\/wp\/v2\/posts\/163826\/revisions"}],"predecessor-version":[{"id":163827,"href":"https:\/\/corrientesdetarde.com\/index.php\/wp-json\/wp\/v2\/posts\/163826\/revisions\/163827"}],"wp:featuredmedia":[{"embeddable":true,"href":"https:\/\/corrientesdetarde.com\/index.php\/wp-json\/wp\/v2\/media\/136659"}],"wp:attachment":[{"href":"https:\/\/corrientesdetarde.com\/index.php\/wp-json\/wp\/v2\/media?parent=163826"}],"wp:term":[{"taxonomy":"category","embeddable":true,"href":"https:\/\/corrientesdetarde.com\/index.php\/wp-json\/wp\/v2\/categories?post=163826"},{"taxonomy":"post_tag","embeddable":true,"href":"https:\/\/corrientesdetarde.com\/index.php\/wp-json\/wp\/v2\/tags?post=163826"}],"curies":[{"name":"wp","href":"https:\/\/api.w.org\/{rel}","templated":true}]}}