{"id":163889,"date":"2024-09-04T14:04:51","date_gmt":"2024-09-04T17:04:51","guid":{"rendered":"https:\/\/corrientesdetarde.com\/?p=163889"},"modified":"2024-09-04T14:04:55","modified_gmt":"2024-09-04T17:04:55","slug":"el-gobierno-analiza-aumentar-el-monto-de-las-becas-progresar-y-abrir-una-nueva-inscripcion","status":"publish","type":"post","link":"https:\/\/corrientesdetarde.com\/index.php\/economia\/el-gobierno-analiza-aumentar-el-monto-de-las-becas-progresar-y-abrir-una-nueva-inscripcion\/","title":{"rendered":"El Gobierno analiza aumentar el monto de las Becas Progresar y abrir una nueva inscripci\u00f3n"},"content":{"rendered":"\n<p>El jefe de Gabinete, Guillermo Francos, confirm\u00f3 que el Ejecutivo tiene en carpeta una actualizaci\u00f3n de los valores de la asistencia estatal para finalizar los estudios. En julio, 1.095.223 titulares cobraron esa ayuda econ\u00f3mica.<\/p>\n\n\n\n<p>El Gobierno eval\u00faa una actualizaci\u00f3n del<strong>\u00a0valor\u00a0<\/strong>de las Becas Progresar\u00a0que otorga el\u00a0<strong>Ministerio de Capital Humano\u00a0<\/strong>y abona la Administraci\u00f3n Nacional de la Seguridad Social (<strong>ANSES<\/strong>). En septiembre, los estudiantes percibir\u00e1n\u00a0<strong>$20.000<\/strong>\u00a0por la asistencia estatal.<\/p>\n\n\n\n<p>Las\u00a0<strong>Becas Progresar<\/strong>\u00a0brindan un est\u00edmulo econ\u00f3mico para que<strong>\u00a0j\u00f3venes de 18 a 24 a\u00f1os\u00a0<\/strong>terminen la ense\u00f1anza obligatoria y\/o avancen en estudios secundarios, terciarios o universitarios. Seg\u00fan el reciente informe del jefe de Gabinete,<strong>\u00a0Guillermo Francos<\/strong>, que present\u00f3 en el Congreso, hay\u00a0<strong>1.095.223\u00a0<\/strong>titulares que cobran todos los meses esa ayuda econ\u00f3mica.<\/p>\n\n\n\n<p>Con respecto a un aumento en el monto de la beca, la Jefatura de Gabinete confirm\u00f3 que&nbsp;<strong>\u201cse encuentra en an\u00e1lisis\u201d<\/strong>. Las Becas Progresar pagan $20.000 desde agosto de 2023, bajo la gesti\u00f3n de<strong>&nbsp;Alberto Fern\u00e1ndez<\/strong>.<\/p>\n\n\n\n<p>La inscripci\u00f3n para acceder a la asistencia estatal se hizo en mayo. Francos dijo que tambi\u00e9n eval\u00faan abrir una segunda convocatoria del programa, en los pr\u00f3ximos meses.<\/p>\n\n\n\n<h2 class=\"wp-block-heading\">Analizan un aumento en las Becas Progresar: qu\u00e9 dijeron desde el Gobierno<\/h2>\n\n\n\n<p>Seg\u00fan inform\u00f3 la Jefatura de Gabinete, el incremento del monto de las Becas Progresar -que en septiembre alcanza los&nbsp;<strong>$20.000<\/strong>&#8211; se encuentra en an\u00e1lisis. En julio,&nbsp;<strong>1.095.223&nbsp;<\/strong>estudiantes recibieron el pago de la asistencia. El&nbsp;<strong>cr\u00e9dito vigente&nbsp;<\/strong>del programa asciende a&nbsp;<strong>$425.868.288.95<\/strong>.<\/p>\n\n\n\n<p>Por su parte, el relevamiento del Gobierno detall\u00f3 que en la<strong>&nbsp;primera convocatoria<\/strong>&nbsp;para acceder a la beca se inscribieron:<\/p>\n\n\n\n<ul class=\"wp-block-list\">\n<li>Progresar Obligatorio:<strong>\u00a0839.381 personas<\/strong>;<\/li>\n\n\n\n<li>Progresar Superior:\u00a0<strong>875.879 estudiantes<\/strong>;<\/li>\n\n\n\n<li>En 2023, la beca alcanz\u00f3 a\u00a0<strong>1.033.283<\/strong>\u00a0de estudiantes en todo el pa\u00eds.<\/li>\n<\/ul>\n\n\n\n<figure class=\"wp-block-image\"><img decoding=\"async\" src=\"https:\/\/tn.com.ar\/resizer\/v2\/segun-informo-la-jefatura-de-gabinete-el-incremento-del-monto-de-las-becas-progresar-que-en-septiembre-alcanza-los-20000-se-encuentra-en-analisis-foto-anses-PKCPPCECJFBH3BSMNTRSPJBDYM.jpg?auth=5ad8a241dda11b85aa7960e7278e847ccd15d09a3c5527a5b2f9fe0d75509844&amp;width=767\" alt=\"Seg\u00fan inform\u00f3 la Jefatura de Gabinete, el incremento del monto de las Becas Progresar -que en septiembre alcanza los $20.000- se encuentra en an\u00e1lisis. (Foto: ANSES)\"\/><\/figure>\n\n\n\n<h2 class=\"wp-block-heading\">Becas Progresar 2024: cu\u00e1nto cobran los estudiantes en septiembre<\/h2>\n\n\n\n<p>Las&nbsp;<strong>Becas Progresar<\/strong>&nbsp;est\u00e1n destinadas a j\u00f3venes de entre 16 y 24 a\u00f1os. El&nbsp;<strong>valor general<\/strong>&nbsp;de la beca es de&nbsp;<strong>$20.000&nbsp;<\/strong>e incluye un&nbsp;<strong>plus por conectividad de $1000<\/strong>. Es importante tener en cuenta que los ingresos del grupo familiar de la o el titular no deben ser superiores a 3 Salarios M\u00ednimos, Vitales y M\u00f3viles (SMVM), es decir, un total de<strong>&nbsp;$804.169,50<\/strong>. Existen diversas opciones de becas en el programa. Estas son:<\/p>\n\n\n\n<ul class=\"wp-block-list\">\n<li><strong>Progresar Obligatorio<\/strong>: dirigido a estudiantes de nivel secundario que cumplen con la escolaridad obligatoria.<\/li>\n\n\n\n<li><strong>Progresar Superior:<\/strong>\u00a0destinado a estudiantes de nivel terciario y universitario.<\/li>\n\n\n\n<li><strong>Progresar Enfermer\u00eda:<\/strong>\u00a0dise\u00f1ado para estudiantes de carreras de enfermer\u00eda.<\/li>\n<\/ul>\n\n\n\n<p>El&nbsp;<strong>calendario de pagos&nbsp;<\/strong>de las Becas Progresar inicia este&nbsp;<strong>jueves 12 de septiembre<\/strong>.<\/p>\n","protected":false},"excerpt":{"rendered":"<p>El jefe de Gabinete, Guillermo Francos, confirm\u00f3 que el Ejecutivo tiene en carpeta una actualizaci\u00f3n de los valores de la asistencia estatal para finalizar los estudios. En julio, 1.095.223 titulares&hellip; <\/p>\n","protected":false},"author":8,"featured_media":163890,"comment_status":"closed","ping_status":"open","sticky":false,"template":"","format":"standard","meta":{"footnotes":""},"categories":[20],"tags":[],"class_list":["post-163889","post","type-post","status-publish","format-standard","has-post-thumbnail","hentry","category-economia"],"_links":{"self":[{"href":"https:\/\/corrientesdetarde.com\/index.php\/wp-json\/wp\/v2\/posts\/163889","targetHints":{"allow":["GET"]}}],"collection":[{"href":"https:\/\/corrientesdetarde.com\/index.php\/wp-json\/wp\/v2\/posts"}],"about":[{"href":"https:\/\/corrientesdetarde.com\/index.php\/wp-json\/wp\/v2\/types\/post"}],"author":[{"embeddable":true,"href":"https:\/\/corrientesdetarde.com\/index.php\/wp-json\/wp\/v2\/users\/8"}],"replies":[{"embeddable":true,"href":"https:\/\/corrientesdetarde.com\/index.php\/wp-json\/wp\/v2\/comments?post=163889"}],"version-history":[{"count":1,"href":"https:\/\/corrientesdetarde.com\/index.php\/wp-json\/wp\/v2\/posts\/163889\/revisions"}],"predecessor-version":[{"id":163891,"href":"https:\/\/corrientesdetarde.com\/index.php\/wp-json\/wp\/v2\/posts\/163889\/revisions\/163891"}],"wp:featuredmedia":[{"embeddable":true,"href":"https:\/\/corrientesdetarde.com\/index.php\/wp-json\/wp\/v2\/media\/163890"}],"wp:attachment":[{"href":"https:\/\/corrientesdetarde.com\/index.php\/wp-json\/wp\/v2\/media?parent=163889"}],"wp:term":[{"taxonomy":"category","embeddable":true,"href":"https:\/\/corrientesdetarde.com\/index.php\/wp-json\/wp\/v2\/categories?post=163889"},{"taxonomy":"post_tag","embeddable":true,"href":"https:\/\/corrientesdetarde.com\/index.php\/wp-json\/wp\/v2\/tags?post=163889"}],"curies":[{"name":"wp","href":"https:\/\/api.w.org\/{rel}","templated":true}]}}