{"id":163892,"date":"2024-09-04T14:35:53","date_gmt":"2024-09-04T17:35:53","guid":{"rendered":"https:\/\/corrientesdetarde.com\/?p=163892"},"modified":"2024-09-04T14:35:58","modified_gmt":"2024-09-04T17:35:58","slug":"corrientes-se-prepara-para-una-nueva-edicion-de-ita-trail-run","status":"publish","type":"post","link":"https:\/\/corrientesdetarde.com\/index.php\/deportes\/corrientes-se-prepara-para-una-nueva-edicion-de-ita-trail-run\/","title":{"rendered":"Corrientes se prepara para una nueva edici\u00f3n de \u201cIt\u00e1 Trail Run\u201d"},"content":{"rendered":"\n<p>Con una gran expectativa y un creciente inter\u00e9s por parte de la comunidad deportiva, se present\u00f3 oficialmente en Casa Iber\u00e1 la 3\u00b0 It\u00e1 Trail Run, una de las carreras m\u00e1s grandes de la provincia de Corrientes. El evento, que se llevar\u00e1 a cabo del 27 al 29 de septiembre en la localidad de It\u00e1 Ibat\u00e9, contar\u00e1 con la participaci\u00f3n de m\u00e1s de 1300 corredores provenientes de diferentes provincias y pa\u00edses lim\u00edtrofes.<\/p>\n\n\n\n<p>La It\u00e1 Trail Run se ha consolidado como un evento de referencia en el calendario deportivo argentino, generando un importante impacto econ\u00f3mico y tur\u00edstico en la regi\u00f3n. En esta edici\u00f3n, la competencia ofrecer\u00e1 nuevos desaf\u00edos con distancias de 50km, 35km y 21km, circuitos t\u00e9cnicos y paisajes naturales que pondr\u00e1n a prueba a los corredores m\u00e1s exigentes.<\/p>\n\n\n\n<p>El Subsecretario de Promoci\u00f3n e Inversiones Tur\u00edsticas, Augusto Costaguta, destac\u00f3 la importancia de acompa\u00f1ar este tipo de iniciativas que posicionan a Corrientes como un destino tur\u00edstico deportivo de primer nivel. \u201cLa It\u00e1 Trail Run no s\u00f3lo atrae a deportistas de alto rendimiento, sino que tambi\u00e9n genera un movimiento tur\u00edstico que beneficia a toda la comunidad local, desde la hoteler\u00eda y la gastronom\u00eda hasta los servicios complementarios\u201d, afirm\u00f3 Costaguta.<\/p>\n\n\n\n<p>Por su parte, el Subsecretario de Turismo, Carlos Gatti, resalt\u00f3 el trabajo conjunto entre el Gobierno Provincial, el municipio de It\u00e1 Ibat\u00e9 y los organizadores del evento. \u201cLa creciente participaci\u00f3n en la It\u00e1 Trail Run demuestra el atractivo de nuestros destinos y la efectividad de las pol\u00edticas de promoci\u00f3n tur\u00edstica que estamos implementando\u201d, se\u00f1al\u00f3 Gatti.<\/p>\n\n\n\n<p><strong>Un evento que crece y se consolida<\/strong><\/p>\n\n\n\n<p>El Gobierno Provincial entiende que este tipo de iniciativas generan un movimiento econ\u00f3mico significativo en el municipio, revitalizando sectores como la hoteler\u00eda, la gastronom\u00eda y el comercio local. La afluencia de corredores y acompa\u00f1antes impulsa la demanda de servicios, generando ingresos para los emprendedores y fomentando la creaci\u00f3n de nuevos empleos.<\/p>\n\n\n\n<p>Adem\u00e1s, la cercan\u00eda a los Esteros del Iber\u00e1 convierte a esta regi\u00f3n en un destino tur\u00edstico a\u00fan m\u00e1s atractivo, posicion\u00e1ndo como un referente en el turismo deportivo y de naturaleza. Este tipo de iniciativas contribuyen a diversificar la oferta tur\u00edstica, extendiendo la temporada alta y consolidando el crecimiento econ\u00f3mico sostenible de la zona.<\/p>\n\n\n\n<p>Federico Canteros, organizador de la It\u00e1 Trail Run, expres\u00f3 su satisfacci\u00f3n por la gran convocatoria y el inter\u00e9s que despierta la carrera a nivel nacional e internacional. \u201cEstamos muy contentos con la respuesta de los corredores y esperamos que esta edici\u00f3n sea un \u00e9xito rotundo. La It\u00e1 Trail Run se ha convertido en una cita obligada para los amantes del trail running y estamos trabajando para que siga creciendo en los pr\u00f3ximos a\u00f1os. Ya tenemos preinscriptas a 1300 personas. La organizaci\u00f3n de este evento comenz\u00f3 hace aproximadamente 12 meses con inscriptos provenientes de diversas regiones del pa\u00eds, incluyendo Caleta Olivia, el sur argentino, C\u00f3rdoba, Mendoza y pa\u00edses lim\u00edtrofes\u201d, afirm\u00f3.<\/p>\n\n\n\n<p>El intendente de It\u00e1 Ibat\u00e9, Secundino Portela, destac\u00f3 la importancia de este tipo de eventos para el desarrollo tur\u00edstico de la localidad y la provincia. \u201cLa It\u00e1 Trail Run no solo genera un impacto econ\u00f3mico positivo, sino que tambi\u00e9n posiciona a It\u00e1 Ibat\u00e9 como un destino tur\u00edstico deportivo de referencia. La It\u00e1 Trail Run es m\u00e1s que una carrera, es una inversi\u00f3n en el futuro de nuestro municipio. Aspiramos a posicionar a It\u00e1 Ibat\u00e9 como un referente en turismo deportivo, con cada edici\u00f3n, nos acercamos a ese objetivo, generando una mayor visibilidad y atrayendo a m\u00e1s visitantes. Estamos trabajando en conjunto con el sector privado y la comunidad para desarrollar una oferta tur\u00edstica diversificada que incluya actividades al aire libre, turismo cultural y gastron\u00f3mico\u201d, asegur\u00f3 Portela.<\/p>\n\n\n\n<figure class=\"wp-block-image size-full\"><img loading=\"lazy\" decoding=\"async\" width=\"955\" height=\"687\" src=\"https:\/\/corrientesdetarde.com\/wp-content\/uploads\/2024\/09\/image-126.png\" alt=\"\" class=\"wp-image-163893\" srcset=\"https:\/\/corrientesdetarde.com\/wp-content\/uploads\/2024\/09\/image-126.png 955w, https:\/\/corrientesdetarde.com\/wp-content\/uploads\/2024\/09\/image-126-300x216.png 300w, https:\/\/corrientesdetarde.com\/wp-content\/uploads\/2024\/09\/image-126-768x552.png 768w\" sizes=\"auto, (max-width: 955px) 100vw, 955px\" \/><\/figure>\n","protected":false},"excerpt":{"rendered":"<p>Con una gran expectativa y un creciente inter\u00e9s por parte de la comunidad deportiva, se present\u00f3 oficialmente en Casa Iber\u00e1 la 3\u00b0 It\u00e1 Trail Run, una de las carreras m\u00e1s&hellip; <\/p>\n","protected":false},"author":8,"featured_media":163894,"comment_status":"closed","ping_status":"open","sticky":false,"template":"","format":"standard","meta":{"footnotes":""},"categories":[4],"tags":[],"class_list":["post-163892","post","type-post","status-publish","format-standard","has-post-thumbnail","hentry","category-deportes"],"_links":{"self":[{"href":"https:\/\/corrientesdetarde.com\/index.php\/wp-json\/wp\/v2\/posts\/163892","targetHints":{"allow":["GET"]}}],"collection":[{"href":"https:\/\/corrientesdetarde.com\/index.php\/wp-json\/wp\/v2\/posts"}],"about":[{"href":"https:\/\/corrientesdetarde.com\/index.php\/wp-json\/wp\/v2\/types\/post"}],"author":[{"embeddable":true,"href":"https:\/\/corrientesdetarde.com\/index.php\/wp-json\/wp\/v2\/users\/8"}],"replies":[{"embeddable":true,"href":"https:\/\/corrientesdetarde.com\/index.php\/wp-json\/wp\/v2\/comments?post=163892"}],"version-history":[{"count":1,"href":"https:\/\/corrientesdetarde.com\/index.php\/wp-json\/wp\/v2\/posts\/163892\/revisions"}],"predecessor-version":[{"id":163895,"href":"https:\/\/corrientesdetarde.com\/index.php\/wp-json\/wp\/v2\/posts\/163892\/revisions\/163895"}],"wp:featuredmedia":[{"embeddable":true,"href":"https:\/\/corrientesdetarde.com\/index.php\/wp-json\/wp\/v2\/media\/163894"}],"wp:attachment":[{"href":"https:\/\/corrientesdetarde.com\/index.php\/wp-json\/wp\/v2\/media?parent=163892"}],"wp:term":[{"taxonomy":"category","embeddable":true,"href":"https:\/\/corrientesdetarde.com\/index.php\/wp-json\/wp\/v2\/categories?post=163892"},{"taxonomy":"post_tag","embeddable":true,"href":"https:\/\/corrientesdetarde.com\/index.php\/wp-json\/wp\/v2\/tags?post=163892"}],"curies":[{"name":"wp","href":"https:\/\/api.w.org\/{rel}","templated":true}]}}