{"id":163903,"date":"2024-09-04T14:47:06","date_gmt":"2024-09-04T17:47:06","guid":{"rendered":"https:\/\/corrientesdetarde.com\/?p=163903"},"modified":"2024-09-04T14:47:12","modified_gmt":"2024-09-04T17:47:12","slug":"la-ciudad-de-corrientes-sera-sede-del-foro-regional-de-accion-climatica","status":"publish","type":"post","link":"https:\/\/corrientesdetarde.com\/index.php\/eventossociedad\/la-ciudad-de-corrientes-sera-sede-del-foro-regional-de-accion-climatica\/","title":{"rendered":"La ciudad de Corrientes ser\u00e1 sede del Foro Regional de Acci\u00f3n Clim\u00e1tica"},"content":{"rendered":"\n<p><em>Con participaci\u00f3n libre y gratuita -cupos limitados-, en la Capital se desarrollar\u00e1 el primer encuentro regional para incentivar el di\u00e1logo, intercambio y comprensi\u00f3n acerca del impacto del cambio clim\u00e1tico. Con el apoyo de la Municipalidad, se realizar\u00e1 el 27 de septiembre en el Centro de Convenciones, de 8.30 a 18, con la participaci\u00f3n de destacados expertos nacionales e internacionales.<\/em><br><\/p>\n\n\n\n<p>Con el acompa\u00f1amiento de la Municipalidad, el 27 de septiembre se realizar\u00e1 en la ciudad de Corrientes el Foro Regional de Acci\u00f3n Clim\u00e1tica, organizado por la Fundaci\u00f3n Manos Verdes. La actividad busca el di\u00e1logo, intercambio y la comprensi\u00f3n acerca del impacto del cambio clim\u00e1tico a nivel mundial, regional y local.<br>&nbsp;<br>El encuentro tendr\u00e1 lugar en el Centro de Convenciones -avenida Pomar 802- de 8.30 a 18:00 y tiene como destinatarios a funcionarios de gobiernos provinciales y municipales, representantes de empresas p\u00fablicas y privadas, del sector acad\u00e9mico, de la sociedad civil, medios y prensa. Si bien la participaci\u00f3n es libre y gratuita, se requiere de inscripci\u00f3n previa ya que los cupos son limitados. Los interesados pueden sumarse a trav\u00e9s del siguiente link:&nbsp;<a href=\"https:\/\/ciudaddecorrientes.us12.list-manage.com\/track\/click?u=253e4bcff71216c6af771c3c9&amp;id=b32940894b&amp;e=17643edfa8\" target=\"_blank\" rel=\"noreferrer noopener\">https:\/\/bit.ly\/3Me3Cfo<\/a><br>&nbsp;<br>Este Foro de Acci\u00f3n Clim\u00e1tica tiene como objetivo comprender, conocer y articular las distintas iniciativas y estrategias que vienen llevando adelante gobiernos, empresas, instituciones y la sociedad civil para implementar soluciones de adaptaci\u00f3n y mitigaci\u00f3n que permiten acelerar la transici\u00f3n: desde la concientizaci\u00f3n y la movilizaci\u00f3n, hacia acciones concretas para lograr el gran objetivo NetZero 2050 (que es mantener el aumento promedio de la temperatura en la tierra por debajo de la 1,5\u00b0C).<br>&nbsp;<br>PARTICIPACI\u00d3N<br>Durante la jornada se desarrollar\u00e1n importantes ejes tem\u00e1ticos referidos a: medici\u00f3n, reducci\u00f3n, compensaci\u00f3n. Tambi\u00e9n sobre el sector privado como actor innovador. La aceleraci\u00f3n de la transici\u00f3n, el rol de la juventud y la sociedad civil.<br>&nbsp;<br>Entre las tres razones importantes para participar se encuentran: acceso a la \u00faltima informaci\u00f3n y tendencias relacionadas a la tem\u00e1tica, brindados por expertos nacionales e internacionales. La segunda, networking: la conferencia re\u00fane a l\u00edderes de gobiernos provinciales y municipales, empresas e industrias, investigadores y activistas de la regi\u00f3n.<br>&nbsp;<br>Por \u00faltimo, creaci\u00f3n de soluciones: al participar del evento se formar\u00e1 parte del proceso de desarrollo y dise\u00f1o de soluciones para implementar acciones concretas.<br>&nbsp;<br>Cabe recordar que la Fundaci\u00f3n Manos Verdes es una ONG con sede principal en la Ciudad Aut\u00f3noma de Buenos Aires, fundada el 12 de octubre de 2010 en Argentina y en 2015 en Alemania. Su objetivo es fortalecer la conciencia ambiental y promover el uso responsable y sustentable de los recursos naturales. Adem\u00e1s, fortalece el v\u00ednculo y la transferencia de conocimientos y tecnolog\u00edas ambientales a nivel internacional.<\/p>\n\n\n\n<figure class=\"wp-block-image size-large\"><img loading=\"lazy\" decoding=\"async\" width=\"1024\" height=\"682\" src=\"https:\/\/corrientesdetarde.com\/wp-content\/uploads\/2024\/09\/image-129-1024x682.png\" alt=\"\" class=\"wp-image-163905\" srcset=\"https:\/\/corrientesdetarde.com\/wp-content\/uploads\/2024\/09\/image-129-1024x682.png 1024w, https:\/\/corrientesdetarde.com\/wp-content\/uploads\/2024\/09\/image-129-300x200.png 300w, https:\/\/corrientesdetarde.com\/wp-content\/uploads\/2024\/09\/image-129-768x512.png 768w, https:\/\/corrientesdetarde.com\/wp-content\/uploads\/2024\/09\/image-129.png 1280w\" sizes=\"auto, (max-width: 1024px) 100vw, 1024px\" \/><\/figure>\n\n\n\n<figure class=\"wp-block-image size-large\"><img loading=\"lazy\" decoding=\"async\" width=\"1024\" height=\"1024\" src=\"https:\/\/corrientesdetarde.com\/wp-content\/uploads\/2024\/09\/image-130-1024x1024.png\" alt=\"\" class=\"wp-image-163906\" srcset=\"https:\/\/corrientesdetarde.com\/wp-content\/uploads\/2024\/09\/image-130-1024x1024.png 1024w, https:\/\/corrientesdetarde.com\/wp-content\/uploads\/2024\/09\/image-130-300x300.png 300w, https:\/\/corrientesdetarde.com\/wp-content\/uploads\/2024\/09\/image-130-150x150.png 150w, https:\/\/corrientesdetarde.com\/wp-content\/uploads\/2024\/09\/image-130-768x768.png 768w, https:\/\/corrientesdetarde.com\/wp-content\/uploads\/2024\/09\/image-130.png 1081w\" sizes=\"auto, (max-width: 1024px) 100vw, 1024px\" \/><\/figure>\n","protected":false},"excerpt":{"rendered":"<p>Con participaci\u00f3n libre y gratuita -cupos limitados-, en la Capital se desarrollar\u00e1 el primer encuentro regional para incentivar el di\u00e1logo, intercambio y comprensi\u00f3n acerca del impacto del cambio clim\u00e1tico. Con&hellip; <\/p>\n","protected":false},"author":8,"featured_media":163904,"comment_status":"closed","ping_status":"open","sticky":false,"template":"","format":"standard","meta":{"footnotes":""},"categories":[1208],"tags":[],"class_list":["post-163903","post","type-post","status-publish","format-standard","has-post-thumbnail","hentry","category-eventossociedad"],"_links":{"self":[{"href":"https:\/\/corrientesdetarde.com\/index.php\/wp-json\/wp\/v2\/posts\/163903","targetHints":{"allow":["GET"]}}],"collection":[{"href":"https:\/\/corrientesdetarde.com\/index.php\/wp-json\/wp\/v2\/posts"}],"about":[{"href":"https:\/\/corrientesdetarde.com\/index.php\/wp-json\/wp\/v2\/types\/post"}],"author":[{"embeddable":true,"href":"https:\/\/corrientesdetarde.com\/index.php\/wp-json\/wp\/v2\/users\/8"}],"replies":[{"embeddable":true,"href":"https:\/\/corrientesdetarde.com\/index.php\/wp-json\/wp\/v2\/comments?post=163903"}],"version-history":[{"count":1,"href":"https:\/\/corrientesdetarde.com\/index.php\/wp-json\/wp\/v2\/posts\/163903\/revisions"}],"predecessor-version":[{"id":163907,"href":"https:\/\/corrientesdetarde.com\/index.php\/wp-json\/wp\/v2\/posts\/163903\/revisions\/163907"}],"wp:featuredmedia":[{"embeddable":true,"href":"https:\/\/corrientesdetarde.com\/index.php\/wp-json\/wp\/v2\/media\/163904"}],"wp:attachment":[{"href":"https:\/\/corrientesdetarde.com\/index.php\/wp-json\/wp\/v2\/media?parent=163903"}],"wp:term":[{"taxonomy":"category","embeddable":true,"href":"https:\/\/corrientesdetarde.com\/index.php\/wp-json\/wp\/v2\/categories?post=163903"},{"taxonomy":"post_tag","embeddable":true,"href":"https:\/\/corrientesdetarde.com\/index.php\/wp-json\/wp\/v2\/tags?post=163903"}],"curies":[{"name":"wp","href":"https:\/\/api.w.org\/{rel}","templated":true}]}}