{"id":163908,"date":"2024-09-04T14:48:57","date_gmt":"2024-09-04T17:48:57","guid":{"rendered":"https:\/\/corrientesdetarde.com\/?p=163908"},"modified":"2024-09-04T14:49:09","modified_gmt":"2024-09-04T17:49:09","slug":"paso-de-la-patria-se-prepara-para-ser-el-epicentro-de-la-pesca-deportiva-femenina-en-la-region","status":"publish","type":"post","link":"https:\/\/corrientesdetarde.com\/index.php\/eventos\/paso-de-la-patria-se-prepara-para-ser-el-epicentro-de-la-pesca-deportiva-femenina-en-la-region\/","title":{"rendered":"Paso de la Patria se prepara para ser el epicentro de la pesca deportiva femenina en la regi\u00f3n"},"content":{"rendered":"\n<p>Del 20 al 22 de septiembre, la localidad correntina ser\u00e1 sede del primer Encuentro de Pesca de Mujeres del Paran\u00e1, un evento que busca promover la inclusi\u00f3n femenina en este deporte, fortalecer el turismo sostenible y resaltar la importancia de la pesca con devoluci\u00f3n.<\/p>\n\n\n\n<p>Se present\u00f3 esta ma\u00f1ana en Casa Iber\u00e1 esta convocante propuesta. La ministra de Turismo de Corrientes, Alejandra Eliciri, destac\u00f3 la relevancia de esta iniciativa: \u201cEste encuentro no s\u00f3lo fomenta la participaci\u00f3n de las mujeres en actividades al aire libre, sino que tambi\u00e9n contribuye al desarrollo econ\u00f3mico local. La pesca con devoluci\u00f3n es una pr\u00e1ctica fundamental para la conservaci\u00f3n de nuestros recursos naturales y posiciona a Corrientes como un destino tur\u00edstico responsable\u201d.<\/p>\n\n\n\n<p>El Encuentro de Pesca Femenina se espera que genere un importante movimiento econ\u00f3mico en Paso de la Patria, beneficiando a hoteles, restaurantes, prestadores de servicios tur\u00edsticos y comercios locales. Adem\u00e1s, contribuir\u00e1 a posicionar a Corrientes como un destino tur\u00edstico atractivo para amantes de la naturaleza y la pesca deportiva.<\/p>\n\n\n\n<p>Por su parte, Guillermo Osnaghi, intendente de Paso de la Patria, celebr\u00f3 la sinergia entre el sector p\u00fablico y privado para llevar a cabo este evento: \u201cEstamos muy entusiasmados con este encuentro que, sin duda, generar\u00e1 un gran movimiento tur\u00edstico en nuestra localidad. Es una muestra de c\u00f3mo el trabajo en conjunto puede potenciar el desarrollo de Paso de la Patria\u201d.<\/p>\n\n\n\n<p><strong>Un evento que va m\u00e1s all\u00e1 de la competencia<\/strong><\/p>\n\n\n\n<p>El encuentro ofrecer\u00e1 una variada agenda de actividades que incluyen jornadas de pesca, charlas sobre conservaci\u00f3n de especies y t\u00e9cnicas de pesca responsable, y competencias con premios. Adem\u00e1s, las participantes podr\u00e1n disfrutar de la belleza natural de Paso de la Patria y compartir experiencias con otras mujeres amantes de este deporte.<\/p>\n\n\n\n<p>Mariela Serra, miembro de la C\u00e1mara de Prestadores de Servicios Tur\u00edsticos de Paso de la Patria, resalt\u00f3 la importancia de este evento a nivel regional: \u201cEstamos muy orgullosos de ser parte de esta iniciativa pionera en el NEA. Esperamos que este encuentro sea el primero de muchos y que inspire a m\u00e1s mujeres a sumarse a la pesca deportiva. Hemos recibido una gran cantidad de inscripciones de mujeres de todo el pa\u00eds, desde Tandil y Rosario hasta Buenos Aires. Esto demuestra el gran inter\u00e9s que existe por un evento como este, organizado por mujeres y para mujeres\u201d, agreg\u00f3.<\/p>\n\n\n\n<p>A lo largo del evento, se ofrecer\u00e1n charlas educativas sobre la importancia de los peces marcados para la investigaci\u00f3n y la conservaci\u00f3n de nuestras especies fluviales. Adem\u00e1s, se brindar\u00e1n consejos pr\u00e1cticos sobre c\u00f3mo manipular los peces de manera segura y responsable, garantizando as\u00ed la salud del r\u00edo y su disfrute a largo plazo. Ser\u00e1n dos jornadas completas con horarios extendidos de 8 horas. Adem\u00e1s, por las noches, habr\u00e1 torneos y competencias con numerosos sorteos y premios para todas las participantes. &nbsp;<\/p>\n\n\n\n<figure class=\"wp-block-image size-large\"><img loading=\"lazy\" decoding=\"async\" width=\"1024\" height=\"624\" src=\"https:\/\/corrientesdetarde.com\/wp-content\/uploads\/2024\/09\/image-131-1024x624.png\" alt=\"\" class=\"wp-image-163909\" srcset=\"https:\/\/corrientesdetarde.com\/wp-content\/uploads\/2024\/09\/image-131-1024x624.png 1024w, https:\/\/corrientesdetarde.com\/wp-content\/uploads\/2024\/09\/image-131-300x183.png 300w, https:\/\/corrientesdetarde.com\/wp-content\/uploads\/2024\/09\/image-131-768x468.png 768w, https:\/\/corrientesdetarde.com\/wp-content\/uploads\/2024\/09\/image-131.png 1280w\" sizes=\"auto, (max-width: 1024px) 100vw, 1024px\" \/><\/figure>\n","protected":false},"excerpt":{"rendered":"<p>Del 20 al 22 de septiembre, la localidad correntina ser\u00e1 sede del primer Encuentro de Pesca de Mujeres del Paran\u00e1, un evento que busca promover la inclusi\u00f3n femenina en este&hellip; <\/p>\n","protected":false},"author":8,"featured_media":163910,"comment_status":"closed","ping_status":"open","sticky":false,"template":"","format":"standard","meta":{"footnotes":""},"categories":[22],"tags":[],"class_list":["post-163908","post","type-post","status-publish","format-standard","has-post-thumbnail","hentry","category-eventos"],"_links":{"self":[{"href":"https:\/\/corrientesdetarde.com\/index.php\/wp-json\/wp\/v2\/posts\/163908","targetHints":{"allow":["GET"]}}],"collection":[{"href":"https:\/\/corrientesdetarde.com\/index.php\/wp-json\/wp\/v2\/posts"}],"about":[{"href":"https:\/\/corrientesdetarde.com\/index.php\/wp-json\/wp\/v2\/types\/post"}],"author":[{"embeddable":true,"href":"https:\/\/corrientesdetarde.com\/index.php\/wp-json\/wp\/v2\/users\/8"}],"replies":[{"embeddable":true,"href":"https:\/\/corrientesdetarde.com\/index.php\/wp-json\/wp\/v2\/comments?post=163908"}],"version-history":[{"count":1,"href":"https:\/\/corrientesdetarde.com\/index.php\/wp-json\/wp\/v2\/posts\/163908\/revisions"}],"predecessor-version":[{"id":163911,"href":"https:\/\/corrientesdetarde.com\/index.php\/wp-json\/wp\/v2\/posts\/163908\/revisions\/163911"}],"wp:featuredmedia":[{"embeddable":true,"href":"https:\/\/corrientesdetarde.com\/index.php\/wp-json\/wp\/v2\/media\/163910"}],"wp:attachment":[{"href":"https:\/\/corrientesdetarde.com\/index.php\/wp-json\/wp\/v2\/media?parent=163908"}],"wp:term":[{"taxonomy":"category","embeddable":true,"href":"https:\/\/corrientesdetarde.com\/index.php\/wp-json\/wp\/v2\/categories?post=163908"},{"taxonomy":"post_tag","embeddable":true,"href":"https:\/\/corrientesdetarde.com\/index.php\/wp-json\/wp\/v2\/tags?post=163908"}],"curies":[{"name":"wp","href":"https:\/\/api.w.org\/{rel}","templated":true}]}}