{"id":163912,"date":"2024-09-04T14:50:38","date_gmt":"2024-09-04T17:50:38","guid":{"rendered":"https:\/\/corrientesdetarde.com\/?p=163912"},"modified":"2024-09-04T14:50:50","modified_gmt":"2024-09-04T17:50:50","slug":"solicitud-de-colaboracion-para-la-localizacion-y-paradero-de-la-menor-alvaro-villalba-martina-trinidad-de-15-anos-de-edad","status":"publish","type":"post","link":"https:\/\/corrientesdetarde.com\/index.php\/sociales\/solicitud-de-colaboracion-para-la-localizacion-y-paradero-de-la-menor-alvaro-villalba-martina-trinidad-de-15-anos-de-edad\/","title":{"rendered":"SOLICITUD DE COLABORACION PARA LA LOCALIZACION Y PARADERO DE LA MENOR ALVARO VILLALBA MARTINA TRINIDAD DE 15 A\u00d1OS DE EDAD"},"content":{"rendered":"\n<p>A trav\u00e9s de la presente Gacetilla, solicitamos a los distintos medios de comunicaci\u00f3n pueda<br>ser reflejado-publicado sobre una solicitud recibida en la fecha desde la Comisar\u00eda 1ra de Mujer y<br>el Menor, quienes solicitan la colaboraci\u00f3n para dar difusi\u00f3n respecto a la b\u00fasqueda y localizaci\u00f3n<br>de una menor identificada como ALVARO VILLALBA MARTINA TRINIDAD DE 15 A\u00d1OS DE EDAD,<br>quien conforme a la denuncia efectuada por una persona de apellido Villalba, la misma se hab\u00eda<br>ausentado de su domicilio Barrio Colombia Granadero, desde el 03-09-24, sin que hasta la fecha se<br>tenga novedades sobre su actual paradero, dando intervenci\u00f3n de \u00e9sta situaci\u00f3n al Juzgado de<br>Familia Ni\u00f1ez y Adolescencia N\u00b05 en turno.<br>Sus caracter\u00edsticas f\u00edsicas son las siguientes: 1,70 de t\u00e9s blanca, de contextura robusta, ojo<br>marr\u00f3n oscuro, cabello corto por los hombros de color negro oscuro con rulos, en el momento de la fuga<br>vest\u00eda: con una camiseta de river de color blanco y rojo, y pantal\u00f3n joguin de color negro y ojos negras.<br>Se\u00f1a particular: tiene una de las cejas rajadas.<br>Es por ello, que independientemente de la labor de b\u00fasqueda que \u00e9sta realizando la Polic\u00eda,<br>se solicita la colaboraci\u00f3n a los distintos medios period\u00edsticos para su publicaci\u00f3n y de esa manera<br>dar a conocer a la poblaci\u00f3n en general, para que aquellas personas que puedan aportar datos<br>ciertos y que ayuden a lograr encontrar a esta joven, puedan hacerlo ante la citada Comisar\u00eda<br>Primera de la Mujer y el Menor nro. 4432913; o la Dependencia Policial m\u00e1s cercana a su domicilio<br>y\/o comunicarse al n\u00famero telef\u00f3nico gratuito del Sistema Integral de Seguridad (S.I.S.) 911 en la<br>Capital y 101 en el Interior Provincial.<\/p>\n","protected":false},"excerpt":{"rendered":"<p>A trav\u00e9s de la presente Gacetilla, solicitamos a los distintos medios de comunicaci\u00f3n puedaser reflejado-publicado sobre una solicitud recibida en la fecha desde la Comisar\u00eda 1ra de Mujer yel Menor,&hellip; <\/p>\n","protected":false},"author":8,"featured_media":163913,"comment_status":"closed","ping_status":"open","sticky":false,"template":"","format":"standard","meta":{"footnotes":""},"categories":[33,17],"tags":[],"class_list":["post-163912","post","type-post","status-publish","format-standard","has-post-thumbnail","hentry","category-policiales","category-sociales"],"_links":{"self":[{"href":"https:\/\/corrientesdetarde.com\/index.php\/wp-json\/wp\/v2\/posts\/163912","targetHints":{"allow":["GET"]}}],"collection":[{"href":"https:\/\/corrientesdetarde.com\/index.php\/wp-json\/wp\/v2\/posts"}],"about":[{"href":"https:\/\/corrientesdetarde.com\/index.php\/wp-json\/wp\/v2\/types\/post"}],"author":[{"embeddable":true,"href":"https:\/\/corrientesdetarde.com\/index.php\/wp-json\/wp\/v2\/users\/8"}],"replies":[{"embeddable":true,"href":"https:\/\/corrientesdetarde.com\/index.php\/wp-json\/wp\/v2\/comments?post=163912"}],"version-history":[{"count":1,"href":"https:\/\/corrientesdetarde.com\/index.php\/wp-json\/wp\/v2\/posts\/163912\/revisions"}],"predecessor-version":[{"id":163914,"href":"https:\/\/corrientesdetarde.com\/index.php\/wp-json\/wp\/v2\/posts\/163912\/revisions\/163914"}],"wp:featuredmedia":[{"embeddable":true,"href":"https:\/\/corrientesdetarde.com\/index.php\/wp-json\/wp\/v2\/media\/163913"}],"wp:attachment":[{"href":"https:\/\/corrientesdetarde.com\/index.php\/wp-json\/wp\/v2\/media?parent=163912"}],"wp:term":[{"taxonomy":"category","embeddable":true,"href":"https:\/\/corrientesdetarde.com\/index.php\/wp-json\/wp\/v2\/categories?post=163912"},{"taxonomy":"post_tag","embeddable":true,"href":"https:\/\/corrientesdetarde.com\/index.php\/wp-json\/wp\/v2\/tags?post=163912"}],"curies":[{"name":"wp","href":"https:\/\/api.w.org\/{rel}","templated":true}]}}