{"id":16410,"date":"2022-11-01T21:29:04","date_gmt":"2022-11-02T00:29:04","guid":{"rendered":"https:\/\/corrientesdetarde.com\/?p=16410"},"modified":"2022-11-01T21:29:08","modified_gmt":"2022-11-02T00:29:08","slug":"escuela-portuaria-estiman-finalizar-la-primera-parte-de-la-obra-para-marzo-de-2023","status":"publish","type":"post","link":"https:\/\/corrientesdetarde.com\/index.php\/sociales\/escuela-portuaria-estiman-finalizar-la-primera-parte-de-la-obra-para-marzo-de-2023\/","title":{"rendered":"Escuela Portuaria: estiman finalizar la primera parte de la obra para marzo de 2023"},"content":{"rendered":"\n<p>El secretario de Infraestructura Escolar, Emilio Breard, dialog\u00f3 con Radio Dos para comentar que est\u00e1 proyectado finalizar para marzo de 2023 la primera etapa de la obra de la Escuela T\u00e9cnica Portuaria y, adem\u00e1s, estiman que para ese a\u00f1o los estudiantes puedan dar inicio de clases en su propio edificio.&nbsp;<\/p>\n\n\n\n<p>A su vez, Breard coment\u00f3 que en el Presupuesto Provincial 2023 est\u00e1 garantizado las obras en la Escuela Juan Domingo Per\u00f3n tanto en la primaria como secundaria. &#8220;Para el a\u00f1o seguramente esas obras estar\u00e1n terminadas&#8221;, afirm\u00f3.<\/p>\n\n\n\n<p>Por otra parte, destac\u00f3 la buena relaci\u00f3n que viene teniendo Corrientes con el Gobierno nacional en la parte educativa. &#8220;Venimos con una muy buena relaci\u00f3n a nivel nacional porque coincidimos, independientemente de la postura pol\u00edtica, que la educaci\u00f3n es una fuente fundamente para el resurgimiento de la naci\u00f3n. Creemos que apostando a la educaci\u00f3n no nos equivocamos&#8221;, manifest\u00f3.&nbsp;<\/p>\n","protected":false},"excerpt":{"rendered":"<p>El secretario de Infraestructura Escolar, Emilio Breard, dialog\u00f3 con Radio Dos para comentar que est\u00e1 proyectado finalizar para marzo de 2023 la primera etapa de la obra de la Escuela&hellip; <\/p>\n","protected":false},"author":1,"featured_media":16414,"comment_status":"closed","ping_status":"open","sticky":false,"template":"","format":"standard","meta":{"footnotes":""},"categories":[17],"tags":[],"class_list":["post-16410","post","type-post","status-publish","format-standard","has-post-thumbnail","hentry","category-sociales"],"_links":{"self":[{"href":"https:\/\/corrientesdetarde.com\/index.php\/wp-json\/wp\/v2\/posts\/16410","targetHints":{"allow":["GET"]}}],"collection":[{"href":"https:\/\/corrientesdetarde.com\/index.php\/wp-json\/wp\/v2\/posts"}],"about":[{"href":"https:\/\/corrientesdetarde.com\/index.php\/wp-json\/wp\/v2\/types\/post"}],"author":[{"embeddable":true,"href":"https:\/\/corrientesdetarde.com\/index.php\/wp-json\/wp\/v2\/users\/1"}],"replies":[{"embeddable":true,"href":"https:\/\/corrientesdetarde.com\/index.php\/wp-json\/wp\/v2\/comments?post=16410"}],"version-history":[{"count":1,"href":"https:\/\/corrientesdetarde.com\/index.php\/wp-json\/wp\/v2\/posts\/16410\/revisions"}],"predecessor-version":[{"id":16415,"href":"https:\/\/corrientesdetarde.com\/index.php\/wp-json\/wp\/v2\/posts\/16410\/revisions\/16415"}],"wp:featuredmedia":[{"embeddable":true,"href":"https:\/\/corrientesdetarde.com\/index.php\/wp-json\/wp\/v2\/media\/16414"}],"wp:attachment":[{"href":"https:\/\/corrientesdetarde.com\/index.php\/wp-json\/wp\/v2\/media?parent=16410"}],"wp:term":[{"taxonomy":"category","embeddable":true,"href":"https:\/\/corrientesdetarde.com\/index.php\/wp-json\/wp\/v2\/categories?post=16410"},{"taxonomy":"post_tag","embeddable":true,"href":"https:\/\/corrientesdetarde.com\/index.php\/wp-json\/wp\/v2\/tags?post=16410"}],"curies":[{"name":"wp","href":"https:\/\/api.w.org\/{rel}","templated":true}]}}