{"id":164608,"date":"2024-09-08T11:01:56","date_gmt":"2024-09-08T14:01:56","guid":{"rendered":"https:\/\/corrientesdetarde.com\/?p=164608"},"modified":"2024-09-08T11:02:07","modified_gmt":"2024-09-08T14:02:07","slug":"chile-expresa-preocupacion-por-la-revocacion-de-la-custodia-en-la-embajada-argentina-en-venezuela","status":"publish","type":"post","link":"https:\/\/corrientesdetarde.com\/index.php\/internacionales\/chile-expresa-preocupacion-por-la-revocacion-de-la-custodia-en-la-embajada-argentina-en-venezuela\/","title":{"rendered":"Chile expresa preocupaci\u00f3n por la revocaci\u00f3n de la custodia en la Embajada Argentina en Venezuela"},"content":{"rendered":"\n<p>El gobierno de Chile emiti\u00f3 un comunicado oficial en d\u00f3nde expresa su preocupaci\u00f3n por la decisi\u00f3n del gobierno de Venezuela de revocar la autorizaci\u00f3n otorgada a Brasil para la protecci\u00f3n y custodia de la Embajada Argentina en Caracas.<\/p>\n\n\n\n<p>Lo hizo a trav\u00e9s de su Canciller\u00eda, perteneciente al Ministerio de Relaciones Exteriores. El escrito se\u00f1ala:<strong>&nbsp;\u201cLo anterior representa un serio desconocimiento de lo estipulado en la Convenci\u00f3n de Viena sobre Relaciones Diplom\u00e1ticas de 1961 y en la Convenci\u00f3n de Viena sobre Relaciones Consulares de 1963\u201d.<\/strong><\/p>\n\n\n\n<p>Adem\u00e1s agregaron,<strong>&nbsp;\u201cmanifestamos nuestro rechazo a esta decisi\u00f3n y nuestra solidaridad con los gobiernos de Argentina y Brasil &nbsp;por la situaci\u00f3n por la que atraviesan en estos momentos \u201d<\/strong>.<\/p>\n\n\n\n<p>La Embajada de Argentina en Caracas qued\u00f3 bajo la custodia de Brasil a principios de agosto, despu\u00e9s de que el r\u00e9gimen de\u00a0Nicol\u00e1s Maduro\u00a0<strong>expulsara a diplom\u00e1ticos argentinos bajo el argumento de \u201cinjerencia en los asuntos internos\u201d.<\/strong>\u00a0Despu\u00e9s de cumplirse un poco m\u00e1s de un mes de este episodio, Maduro revoc\u00f3 el permiso. Por lo tanto, envi\u00f3 a agentes policiales del gobierno a asediar el edificio donde se encuentran refugiados seis opositores desde marzo.<\/p>\n\n\n\n<figure class=\"wp-block-image size-full\"><img loading=\"lazy\" decoding=\"async\" width=\"783\" height=\"477\" src=\"https:\/\/corrientesdetarde.com\/wp-content\/uploads\/2024\/09\/image-236.png\" alt=\"\" class=\"wp-image-164609\" srcset=\"https:\/\/corrientesdetarde.com\/wp-content\/uploads\/2024\/09\/image-236.png 783w, https:\/\/corrientesdetarde.com\/wp-content\/uploads\/2024\/09\/image-236-300x183.png 300w, https:\/\/corrientesdetarde.com\/wp-content\/uploads\/2024\/09\/image-236-768x468.png 768w\" sizes=\"auto, (max-width: 783px) 100vw, 783px\" \/><\/figure>\n","protected":false},"excerpt":{"rendered":"<p>El gobierno de Chile emiti\u00f3 un comunicado oficial en d\u00f3nde expresa su preocupaci\u00f3n por la decisi\u00f3n del gobierno de Venezuela de revocar la autorizaci\u00f3n otorgada a Brasil para la protecci\u00f3n&hellip; <\/p>\n","protected":false},"author":4,"featured_media":164610,"comment_status":"closed","ping_status":"open","sticky":false,"template":"","format":"standard","meta":{"footnotes":""},"categories":[11],"tags":[],"class_list":["post-164608","post","type-post","status-publish","format-standard","has-post-thumbnail","hentry","category-internacionales"],"_links":{"self":[{"href":"https:\/\/corrientesdetarde.com\/index.php\/wp-json\/wp\/v2\/posts\/164608","targetHints":{"allow":["GET"]}}],"collection":[{"href":"https:\/\/corrientesdetarde.com\/index.php\/wp-json\/wp\/v2\/posts"}],"about":[{"href":"https:\/\/corrientesdetarde.com\/index.php\/wp-json\/wp\/v2\/types\/post"}],"author":[{"embeddable":true,"href":"https:\/\/corrientesdetarde.com\/index.php\/wp-json\/wp\/v2\/users\/4"}],"replies":[{"embeddable":true,"href":"https:\/\/corrientesdetarde.com\/index.php\/wp-json\/wp\/v2\/comments?post=164608"}],"version-history":[{"count":1,"href":"https:\/\/corrientesdetarde.com\/index.php\/wp-json\/wp\/v2\/posts\/164608\/revisions"}],"predecessor-version":[{"id":164611,"href":"https:\/\/corrientesdetarde.com\/index.php\/wp-json\/wp\/v2\/posts\/164608\/revisions\/164611"}],"wp:featuredmedia":[{"embeddable":true,"href":"https:\/\/corrientesdetarde.com\/index.php\/wp-json\/wp\/v2\/media\/164610"}],"wp:attachment":[{"href":"https:\/\/corrientesdetarde.com\/index.php\/wp-json\/wp\/v2\/media?parent=164608"}],"wp:term":[{"taxonomy":"category","embeddable":true,"href":"https:\/\/corrientesdetarde.com\/index.php\/wp-json\/wp\/v2\/categories?post=164608"},{"taxonomy":"post_tag","embeddable":true,"href":"https:\/\/corrientesdetarde.com\/index.php\/wp-json\/wp\/v2\/tags?post=164608"}],"curies":[{"name":"wp","href":"https:\/\/api.w.org\/{rel}","templated":true}]}}