{"id":164726,"date":"2024-09-09T07:29:58","date_gmt":"2024-09-09T10:29:58","guid":{"rendered":"https:\/\/corrientesdetarde.com\/?p=164726"},"modified":"2024-09-09T07:30:03","modified_gmt":"2024-09-09T10:30:03","slug":"corrientes-ajusta-su-politica-penal-con-la-inclusion-de-la-reiterancia","status":"publish","type":"post","link":"https:\/\/corrientesdetarde.com\/index.php\/politica\/corrientes-ajusta-su-politica-penal-con-la-inclusion-de-la-reiterancia\/","title":{"rendered":"Corrientes ajusta su pol\u00edtica penal con la inclusi\u00f3n de la Reiterancia"},"content":{"rendered":"\n<p>Cuando entre en vigencia la reforma al C\u00f3digo Procesal Penal, los fiscales tendr\u00e1n m\u00e1s herramientas para solicitar la detenci\u00f3n de personas que cometan delitos en forma repetida y tengan procesos abiertos en su contra.<a href=\"https:\/\/api.whatsapp.com\/send?text=Corrientes%20ajusta%20su%20pol%C3%ADtica%20penal%20con%20la%20inclusi%C3%B3n%20de%20la%20Reiterancia%20-%20https:\/\/www.diarioepoca.com\/1331809-corrientes-ajusta-su-politica-penal-con-la-inclusion-de-la-reiterancia?utm_source=WhatsApp%26utm_medium=WhatsApp%26utm_campaign=WhatsApp%26utm_term=WhatsApp\" target=\"_blank\" rel=\"noreferrer noopener\"><\/a><a href=\"https:\/\/www.diarioepoca.com\/1331809-corrientes-ajusta-su-politica-penal-con-la-inclusion-de-la-reiterancia#\"><\/a><a href=\"https:\/\/www.diarioepoca.com\/1331809-corrientes-ajusta-su-politica-penal-con-la-inclusion-de-la-reiterancia#\"><\/a><\/p>\n\n\n\n<p>En los pr\u00f3ximos d\u00edas entrar\u00e1 en vigencia en la provincia de Corrientes la aplicaci\u00f3n del principio de Reiterancia. El viernes, el gobernador, Gustavo Vald\u00e9s, estamp\u00f3 la firma en el decreto de promulgaci\u00f3n de la Ley N\u00ba6690 que establece la posibilidad de dictar la prisi\u00f3n preventiva a personas que tengan otras causas penales e incurran en la repetici\u00f3n de hechos delictivos.<\/p>\n\n\n\n<p>La Ley de Reiterancia, como se conoce el principio que ya rige en otras seis jurisdicciones del pa\u00eds, busca terminar con la llamada puerta giratoria de las comisar\u00edas y otorga herramientas legales a los fiscales para que puedan pedir al juez en turno la conversi\u00f3n de la aprehensi\u00f3n en detenci\u00f3n, con la declaraci\u00f3n de la prisi\u00f3n preventiva.<\/p>\n\n\n\n<p>A trav\u00e9s de un video difundido en sus redes sociales este viernes el Gobernador inform\u00f3 que firm\u00f3 la promulgaci\u00f3n de la Ley de Reiterancia N\u00ba6690, que cont\u00f3 con el respaldo un\u00e1nime de los integrantes de las c\u00e1maras de Diputados y Senadores de la provincia. Dicho proyecto fue una propuesta del Poder Ejecutivo.<\/p>\n\n\n\n<p>&#8220;Es una herramienta m\u00e1s para la Justicia provincial y era una demanda de todos los correntinos&#8221;, coment\u00f3 el Mandatario al firmar la promulgaci\u00f3n de la norma.<\/p>\n\n\n\n<p>Vald\u00e9s dijo que la ley apunta a que &#8220;aquellos que cometieron delitos no ingresen por una puerta de la comisar\u00eda e inmediatamente salgan por otra&#8221; y &#8220;que aquellos que lo hacen frecuentemente no esperen en libertad el proceso&#8221;.<\/p>\n\n\n\n<p>&#8220;Estamos trabajando en mejorar la seguridad de todos&#8221;, resalt\u00f3.<\/p>\n\n\n\n<h2 class=\"wp-block-heading\">Cambios en el C\u00f3digo Procesal Penal<\/h2>\n\n\n\n<p>La Ley N\u00ba6690 modifica el C\u00f3digo Procesal Penal, Ley 6518, en sus Art\u00edculos 224 y 229, enviado por el Poder Ejecutivo, obtuvo su sanci\u00f3n en la C\u00e1mara de Diputados y tiene como objetivo &#8220;lograr una intervenci\u00f3n eficaz a trav\u00e9s de la definici\u00f3n e implementaci\u00f3n de una pol\u00edtica de persecuci\u00f3n penal uniforme y la posterior evaluaci\u00f3n de sus resultados&#8221;.<\/p>\n\n\n\n<p>En los argumentos que dieron origen al cambio de esos art\u00edculos se indic\u00f3 que &#8220;la insistencia en la comisi\u00f3n de hechos punibles aumenta sensiblemente la inseguridad de la comunidad y la atendible insatisfacci\u00f3n social con estos institutos que no han sido considerados normativamente para casos de repitencia&#8221;.<\/p>\n\n\n\n<p>Es una normativa que se aprob\u00f3 en poco m\u00e1s de dos meses de tratamiento en el Poder Legislativo y lleg\u00f3 por impulso conjunto de la Fiscal\u00eda General de Corrientes y el Poder Ejecutivo Provincial con el objetivo de combatir la inseguridad<\/p>\n\n\n\n<p>Desde el Poder Judicial destacaron que con esta norma el Ministerio P\u00fablico Fiscal obtiene novedosas y decisivas herramientas para impedir que quienes quebranten la ley se aprovechen de ciertos resquicios legales para hacerlo en forma consuetudinaria, mientras el servicio de Justicia juzga sus conductas.<\/p>\n\n\n\n<p>Ante el debate por el test de constitucionalidad se incluy\u00f3 el principio en el Art\u00edculo 224 del CPP que establece las reglas para evitar el riesgo de fuga y entorpecimiento del proceso legal.<\/p>\n\n\n\n<p>Esto otorga m\u00e1s herramientas a los fiscales para analizar las condiciones personales, especialmente el n\u00famero de delitos que se le imputan y el car\u00e1cter de los mismos; as\u00ed como la existencia de otras investigaciones penales en su contra en las que se le haya formalizado la imputaci\u00f3n.<\/p>\n\n\n\n<p>Tambi\u00e9n se agrega la constataci\u00f3n de aprehensiones y detenciones previas y la existencia de condenas anteriores; as\u00ed como la alta probabilidad de que el imputado se vincule a otro u otros hechos delictivos dolosos.<\/p>\n\n\n\n<p>Los cambios del Art\u00edculo 229 otorgan al fiscal un plazo mayor para solicitar la conversi\u00f3n de la aprehensi\u00f3n en detenci\u00f3n; antes de la nueva ley ese lapso era de 24 horas. Con la reforma se podr\u00e1 requerir que la persona aprehendida sea trasladada ante \u00e9l inmediatamente, cuando sea aprehendida en flagrante delito, o se celebre una audiencia unilateral con el juez, dentro de las 72 horas a contar desde el momento de su aprehensi\u00f3n.<\/p>\n\n\n\n<h2 class=\"wp-block-heading\">Proceso<\/h2>\n\n\n\n<p>La provincia de Corrientes trabaj\u00f3 en la \u00faltima d\u00e9cada en la reforma de todos sus c\u00f3digos procesales. La reforma que trata la materia Penal se sancion\u00f3 en 2019 y desde entonces se comenz\u00f3 una implementaci\u00f3n gradual y es parte de la pol\u00edtica penal y prevenci\u00f3n del crimen que tiene el Estado. El 8 de noviembre se complet\u00f3 la vigencia en las cinco circunscripciones judiciales para un c\u00f3digo que establece el sistema acusador para procesar a delincuentes.<\/p>\n\n\n\n<h2 class=\"wp-block-heading\">Respuesta institucional a un reclamo social<\/h2>\n\n\n\n<figure class=\"wp-block-image\"><img decoding=\"async\" src=\"https:\/\/www.diarioepoca.com\/content\/bucket\/0\/1383140w380h297c.jpg.webp\" alt=\"\"\/><\/figure>\n\n\n\n<p>Todos los involucrados en la formulaci\u00f3n, sanci\u00f3n y promulgaci\u00f3n de la Ley de Reiterancia coincidieron en destacar que la nueva norma es una respuesta de las instituciones a un reclamo social.<\/p>\n\n\n\n<p>Para el Fiscal General del Superior Tribunal de Justicia, C\u00e9sar Sotelo: &#8220;La realidad social demuestra de manera pr\u00edstina y sin hesitaci\u00f3n alguna la necesidad de brindar respuestas racionales a los fen\u00f3menos de la inseguridad, particularmente en lo relativo a la reiterancia delictiva y la necesidad de dotar de herramientas al Ministerio P\u00fablico Fiscal para desarrollar de manera m\u00e1s eficaz y eficiente su labor, sin perder de vista los principios de legalidad y proporcionalidad&#8221;.<\/p>\n\n\n\n<p>Para el senador radical, Noel Breard, ahora se debe acelerar la reglamentaci\u00f3n de la nueva ley porque hay urgencia en aplicar la Ley de Reiterancia como respuesta a la creciente sensaci\u00f3n de inseguridad entre la poblaci\u00f3n.<\/p>\n\n\n\n<p>Para el legislador que tuvo a su cargo la fundamentaci\u00f3n de la ley en el Senado, &#8220;el problema es que la gente est\u00e1 cansada de la Justicia, que naturalmente tiene que tomarse su tiempo para resolver algunos temas procesales porque debe garantizar el debido proceso de defensa&#8221;.<\/p>\n\n\n\n<p>El legislador radical explic\u00f3 que era imperativo encontrar la manera de proporcionar herramientas institucionales a los jueces, para que la sociedad pueda defenderse adecuadamente.<\/p>\n\n\n\n<p>Sin embargo, enfatiz\u00f3 la importancia de no &#8220;lesionar ni romper la estructura jur\u00eddica, constitucional y convencional que rige en Argentina&#8221;.<\/p>\n","protected":false},"excerpt":{"rendered":"<p>Cuando entre en vigencia la reforma al C\u00f3digo Procesal Penal, los fiscales tendr\u00e1n m\u00e1s herramientas para solicitar la detenci\u00f3n de personas que cometan delitos en forma repetida y tengan procesos&hellip; <\/p>\n","protected":false},"author":12,"featured_media":164735,"comment_status":"closed","ping_status":"open","sticky":false,"template":"","format":"standard","meta":{"footnotes":""},"categories":[23,3],"tags":[],"class_list":["post-164726","post","type-post","status-publish","format-standard","has-post-thumbnail","hentry","category-actualidad","category-politica"],"_links":{"self":[{"href":"https:\/\/corrientesdetarde.com\/index.php\/wp-json\/wp\/v2\/posts\/164726","targetHints":{"allow":["GET"]}}],"collection":[{"href":"https:\/\/corrientesdetarde.com\/index.php\/wp-json\/wp\/v2\/posts"}],"about":[{"href":"https:\/\/corrientesdetarde.com\/index.php\/wp-json\/wp\/v2\/types\/post"}],"author":[{"embeddable":true,"href":"https:\/\/corrientesdetarde.com\/index.php\/wp-json\/wp\/v2\/users\/12"}],"replies":[{"embeddable":true,"href":"https:\/\/corrientesdetarde.com\/index.php\/wp-json\/wp\/v2\/comments?post=164726"}],"version-history":[{"count":1,"href":"https:\/\/corrientesdetarde.com\/index.php\/wp-json\/wp\/v2\/posts\/164726\/revisions"}],"predecessor-version":[{"id":164736,"href":"https:\/\/corrientesdetarde.com\/index.php\/wp-json\/wp\/v2\/posts\/164726\/revisions\/164736"}],"wp:featuredmedia":[{"embeddable":true,"href":"https:\/\/corrientesdetarde.com\/index.php\/wp-json\/wp\/v2\/media\/164735"}],"wp:attachment":[{"href":"https:\/\/corrientesdetarde.com\/index.php\/wp-json\/wp\/v2\/media?parent=164726"}],"wp:term":[{"taxonomy":"category","embeddable":true,"href":"https:\/\/corrientesdetarde.com\/index.php\/wp-json\/wp\/v2\/categories?post=164726"},{"taxonomy":"post_tag","embeddable":true,"href":"https:\/\/corrientesdetarde.com\/index.php\/wp-json\/wp\/v2\/tags?post=164726"}],"curies":[{"name":"wp","href":"https:\/\/api.w.org\/{rel}","templated":true}]}}