{"id":164740,"date":"2024-09-09T08:23:41","date_gmt":"2024-09-09T11:23:41","guid":{"rendered":"https:\/\/corrientesdetarde.com\/?p=164740"},"modified":"2024-09-09T08:23:53","modified_gmt":"2024-09-09T11:23:53","slug":"la-consagracion-de-sinner-en-el-us-open-provoco-cambios-el-ranking-atp-y-hay-un-nuevo-tenista-en-el-podio","status":"publish","type":"post","link":"https:\/\/corrientesdetarde.com\/index.php\/deportes\/la-consagracion-de-sinner-en-el-us-open-provoco-cambios-el-ranking-atp-y-hay-un-nuevo-tenista-en-el-podio\/","title":{"rendered":"La consagraci\u00f3n de Sinner en el US Open provoc\u00f3 cambios el ranking ATP y hay un nuevo tenista en el podio"},"content":{"rendered":"\n<h2 class=\"wp-block-heading\">El italiano se consolid\u00f3 como el n\u00famero 1 del mundo y le sac\u00f3 una gran ventaja a sus perseguidores.<\/h2>\n\n\n\n<p>El italiano\u00a0<strong>Jannik Sinner<\/strong>\u00a0reforz\u00f3 su primera posici\u00f3n en el\u00a0<strong>ranking ATP<\/strong>\u00a0tras ganar el US Open el domingo y permiti\u00f3 que el alem\u00e1n\u00a0<strong>Alexander Zverev se ubique en la posici\u00f3n n\u00famero 3, desplazando<\/strong>\u00a0a Novak Djokovic del podio.<\/p>\n\n\n\n<p>El serbio hab\u00eda llegado al torneo de Nueva York como n\u00famero dos y defensor del t\u00edtulo, pero<strong>&nbsp;su temprana eliminaci\u00f3n en tercera ronda le hizo perder dos puestos en la tabla mundial.<\/strong><\/p>\n\n\n\n<figure class=\"wp-block-image\"><img decoding=\"async\" src=\"https:\/\/tn.com.ar\/resizer\/v2\/el-italiano-jannik-sinner-reforzo-su-primera-posicion-en-el-ranking-atp-tras-ganar-el-us-open-el-domingo-reutersmike-segar-25R2JOFMKP3FK3RCUP6SJX242Q.jpg?auth=321ba3db16c00e9e483179679a8017d9e6ede89b0875c55766081f32a788f25e&amp;width=767\" alt=\"El italiano Jannik Sinner reforz\u00f3 su primera posici\u00f3n en el ranking ATP tras ganar el US Open el domingo. (REUTERS\/Mike Segar)\"\/><figcaption class=\"wp-element-caption\">El italiano Jannik Sinner reforz\u00f3 su primera posici\u00f3n en el ranking ATP tras ganar el US Open el domingo. (REUTERS\/Mike Segar)<\/figcaption><\/figure>\n\n\n\n<p>En tanto,&nbsp;<strong>Carlos Alcaraz<\/strong>, ganador de Roland Garros y Wimbledon, se mantiene tercero tras caer en la segunda ronda frente al neerland\u00e9s Botic van de Zandschulp.<\/p>\n\n\n\n<p>Por su parte,&nbsp;<strong>Taylor Fritz<\/strong>, el otro finalista del US Open, tuvo un progreso espectacular ya que<strong>&nbsp;pas\u00f3 12\u00aa posici\u00f3n a la s\u00e9ptima<\/strong>&nbsp;y se ubic\u00f3 en el mejor puesto de su carrera.<\/p>\n\n\n\n<p>En cuanto a los argentinos, no fue un buen torneo ya que&nbsp;<strong>Sebasti\u00e1n Baez cay\u00f3 tres posiciones<\/strong>&nbsp;y se ubic\u00f3 en el lugar n\u00famero 26. En tanto, Francisco Cer\u00fandolo y Tom\u00e1s Etcheverry, tambi\u00e9n cayeron algunos puestos.<\/p>\n\n\n\n<figure class=\"wp-block-image\"><img decoding=\"async\" src=\"https:\/\/tn.com.ar\/resizer\/v2\/alexander-zverev-se-subio-al-puesto-numero-tres-del-ranking-atp-despues-de-su-buena-performance-en-el-us-open-reutersandrew-kelly-7IWDYBOWLCTVSBNE4WYBBGRP4Q.jpg?auth=a357c14c6f9581cdf0b7c5b9fcb44acdd4ae5467c083bdc2913eb1583c473bc7&amp;width=767\" alt=\"Alexander Zverev se subi\u00f3 al puesto n\u00famero tres del ranking ATP despu\u00e9s de su buena performance en el US Open. (REUTERS\/Andrew Kelly)\"\/><figcaption class=\"wp-element-caption\">Alexander Zverev se subi\u00f3 al puesto n\u00famero tres del ranking ATP despu\u00e9s de su buena performance en el US Open. (REUTERS\/Andrew Kelly)<\/figcaption><\/figure>\n\n\n\n<h2 class=\"wp-block-heading\">As\u00ed est\u00e1 el ranking ATP<\/h2>\n\n\n\n<p>1. Jannik Sinner (ITA) 11180 pts<\/p>\n\n\n\n<p>2. Alexander Zverev (GER) 7075 (+2)<\/p>\n\n\n\n<p>3. Carlos Alcaraz (ESP) 6690<\/p>\n\n\n\n<p>4. Novak Djokovic (SRB) 5560 (-2)<\/p>\n\n\n\n<p>5. Daniil Medvedev (RUS) 5475<\/p>\n\n\n\n<p>6. Andrey Rublev (RUS) 4645<\/p>\n\n\n\n<p>7. Taylor Fritz (USA) 4060 (+5)<\/p>\n\n\n\n<p>8. Hubert Hurkacz (POL) 4060 (-1)<\/p>\n\n\n\n<p>9. Casper Ruud (NOR) 4010 (-1)<\/p>\n\n\n\n<p>10. Grigor Dimitrov (BUL) 3965 (-1)<\/p>\n\n\n\n<h2 class=\"wp-block-heading\">As\u00ed est\u00e1n los argentinos en el ranking ATP<\/h2>\n\n\n\n<p>26. Sebasti\u00e1n B\u00e1ez (ARG) 1.760 (-3)<\/p>\n\n\n\n<p>31. Francisco Cer\u00fandolo (ARG) 1.500 (-2)<\/p>\n\n\n\n<p>34. Tom\u00e1s Etcheverry (ARG) 1.390 (-1)<\/p>\n\n\n\n<p>36. Mariano Navone (ARG) 1.353<\/p>\n\n\n\n<p>60. Facundo D\u00edaz Acosta (ARG) 865<\/p>\n\n\n\n<p>79. Federico Coria (ARG) 696<\/p>\n\n\n\n<p>91. Francisco Comesana (ARG) 616 (+17)<\/p>\n\n\n\n<p>93. Camilo Ugo Carabelli (ARG) 611<\/p>\n\n\n\n<p>97. Thiago Agust\u00edn Tirante (ARG) 594 (-3)<\/p>\n","protected":false},"excerpt":{"rendered":"<p>El italiano se consolid\u00f3 como el n\u00famero 1 del mundo y le sac\u00f3 una gran ventaja a sus perseguidores. El italiano\u00a0Jannik Sinner\u00a0reforz\u00f3 su primera posici\u00f3n en el\u00a0ranking ATP\u00a0tras ganar el&hellip; <\/p>\n","protected":false},"author":12,"featured_media":164756,"comment_status":"closed","ping_status":"open","sticky":false,"template":"","format":"standard","meta":{"footnotes":""},"categories":[4],"tags":[],"class_list":["post-164740","post","type-post","status-publish","format-standard","has-post-thumbnail","hentry","category-deportes"],"_links":{"self":[{"href":"https:\/\/corrientesdetarde.com\/index.php\/wp-json\/wp\/v2\/posts\/164740","targetHints":{"allow":["GET"]}}],"collection":[{"href":"https:\/\/corrientesdetarde.com\/index.php\/wp-json\/wp\/v2\/posts"}],"about":[{"href":"https:\/\/corrientesdetarde.com\/index.php\/wp-json\/wp\/v2\/types\/post"}],"author":[{"embeddable":true,"href":"https:\/\/corrientesdetarde.com\/index.php\/wp-json\/wp\/v2\/users\/12"}],"replies":[{"embeddable":true,"href":"https:\/\/corrientesdetarde.com\/index.php\/wp-json\/wp\/v2\/comments?post=164740"}],"version-history":[{"count":1,"href":"https:\/\/corrientesdetarde.com\/index.php\/wp-json\/wp\/v2\/posts\/164740\/revisions"}],"predecessor-version":[{"id":164757,"href":"https:\/\/corrientesdetarde.com\/index.php\/wp-json\/wp\/v2\/posts\/164740\/revisions\/164757"}],"wp:featuredmedia":[{"embeddable":true,"href":"https:\/\/corrientesdetarde.com\/index.php\/wp-json\/wp\/v2\/media\/164756"}],"wp:attachment":[{"href":"https:\/\/corrientesdetarde.com\/index.php\/wp-json\/wp\/v2\/media?parent=164740"}],"wp:term":[{"taxonomy":"category","embeddable":true,"href":"https:\/\/corrientesdetarde.com\/index.php\/wp-json\/wp\/v2\/categories?post=164740"},{"taxonomy":"post_tag","embeddable":true,"href":"https:\/\/corrientesdetarde.com\/index.php\/wp-json\/wp\/v2\/tags?post=164740"}],"curies":[{"name":"wp","href":"https:\/\/api.w.org\/{rel}","templated":true}]}}