{"id":164743,"date":"2024-09-09T08:15:09","date_gmt":"2024-09-09T11:15:09","guid":{"rendered":"https:\/\/corrientesdetarde.com\/?p=164743"},"modified":"2024-09-09T08:15:20","modified_gmt":"2024-09-09T11:15:20","slug":"homenaje-al-cumplirse-35-anos-de-la-tragedia-en-bella-vista","status":"publish","type":"post","link":"https:\/\/corrientesdetarde.com\/index.php\/interior\/homenaje-al-cumplirse-35-anos-de-la-tragedia-en-bella-vista\/","title":{"rendered":"Homenaje al cumplirse 35 a\u00f1os de la tragedia en Bella Vista"},"content":{"rendered":"\n<p><\/p>\n\n\n\n<p>Este domingo 8 de septiembre se cumplen 35 a\u00f1os de la tragedia ocurrida en Bella Vista que enlut\u00f3 al chamam\u00e9, y el Instituto de Cultura de Corrientes adhiere y auspicia el homenaje musical que se realizar\u00e1 en memoria de los m\u00fasicos.<\/p>\n\n\n\n<p>Organizado por la Municipalidad de Bella Vista, a las 17,30, se har\u00e1 la tradicional ofrenda floral y musical a cargo de los alumnos de m\u00fasica de Paso de los Libres en el Paseo Costanera, y se arrojar\u00e1n flores al r\u00edo Paran\u00e1.<\/p>\n\n\n\n<p>Luego, a partir de las 20,30, ser\u00e1 la velada central en el centro cultural para recordar a los m\u00fasicos fallecidos. La misma contar\u00e1 con la presentaci\u00f3n del Ballet Folcl\u00f3rico Municipal, alumnos de m\u00fasica invitados, la Orquesta Folcl\u00f3rica Municipal y el cierre a cargo de Gente de Ley y del \u00faltimo sobreviviente de la tragedia, Cacho Esp\u00edndola.<\/p>\n\n\n\n<p>Previamente, el municipio de Bella Vista realiz\u00f3 charlas en las escuelas y un recorrido hist\u00f3rico desde la plaza central hasta la costanera, pasando por los lugares donde transit\u00f3 el colectivo antes del accidente.&nbsp;<\/p>\n","protected":false},"excerpt":{"rendered":"<p>Este domingo 8 de septiembre se cumplen 35 a\u00f1os de la tragedia ocurrida en Bella Vista que enlut\u00f3 al chamam\u00e9, y el Instituto de Cultura de Corrientes adhiere y auspicia&hellip; <\/p>\n","protected":false},"author":12,"featured_media":164745,"comment_status":"closed","ping_status":"open","sticky":false,"template":"","format":"standard","meta":{"footnotes":""},"categories":[1658],"tags":[],"class_list":["post-164743","post","type-post","status-publish","format-standard","has-post-thumbnail","hentry","category-interior"],"_links":{"self":[{"href":"https:\/\/corrientesdetarde.com\/index.php\/wp-json\/wp\/v2\/posts\/164743","targetHints":{"allow":["GET"]}}],"collection":[{"href":"https:\/\/corrientesdetarde.com\/index.php\/wp-json\/wp\/v2\/posts"}],"about":[{"href":"https:\/\/corrientesdetarde.com\/index.php\/wp-json\/wp\/v2\/types\/post"}],"author":[{"embeddable":true,"href":"https:\/\/corrientesdetarde.com\/index.php\/wp-json\/wp\/v2\/users\/12"}],"replies":[{"embeddable":true,"href":"https:\/\/corrientesdetarde.com\/index.php\/wp-json\/wp\/v2\/comments?post=164743"}],"version-history":[{"count":1,"href":"https:\/\/corrientesdetarde.com\/index.php\/wp-json\/wp\/v2\/posts\/164743\/revisions"}],"predecessor-version":[{"id":164746,"href":"https:\/\/corrientesdetarde.com\/index.php\/wp-json\/wp\/v2\/posts\/164743\/revisions\/164746"}],"wp:featuredmedia":[{"embeddable":true,"href":"https:\/\/corrientesdetarde.com\/index.php\/wp-json\/wp\/v2\/media\/164745"}],"wp:attachment":[{"href":"https:\/\/corrientesdetarde.com\/index.php\/wp-json\/wp\/v2\/media?parent=164743"}],"wp:term":[{"taxonomy":"category","embeddable":true,"href":"https:\/\/corrientesdetarde.com\/index.php\/wp-json\/wp\/v2\/categories?post=164743"},{"taxonomy":"post_tag","embeddable":true,"href":"https:\/\/corrientesdetarde.com\/index.php\/wp-json\/wp\/v2\/tags?post=164743"}],"curies":[{"name":"wp","href":"https:\/\/api.w.org\/{rel}","templated":true}]}}