{"id":164760,"date":"2024-09-09T08:45:33","date_gmt":"2024-09-09T11:45:33","guid":{"rendered":"https:\/\/corrientesdetarde.com\/?p=164760"},"modified":"2024-09-09T08:45:37","modified_gmt":"2024-09-09T11:45:37","slug":"el-gobierno-demora-una-definicion-clave-sobre-la-planta-nuclear-atucha-i-para-que-no-falte-luz-en-el-verano","status":"publish","type":"post","link":"https:\/\/corrientesdetarde.com\/index.php\/politica\/el-gobierno-demora-una-definicion-clave-sobre-la-planta-nuclear-atucha-i-para-que-no-falte-luz-en-el-verano\/","title":{"rendered":"El Gobierno demora una definici\u00f3n clave sobre la planta nuclear Atucha I para que no falte luz en el verano"},"content":{"rendered":"\n<p>El Gobierno<strong>\u00a0estudia\u00a0medidas para asegurarse el abastecimiento energ\u00e9tico<\/strong>en el verano y evitar posibles cortes de luz masivos. Entre las decisiones que debe tomar en los pr\u00f3ximos d\u00edas figura<strong>\u00a0la salida o no\u00a0<\/strong>del sistema de la central nuclear\u00a0<strong>Atucha I.<\/strong>\u00a0La planta es la primera de su tipo en el pa\u00eds, cumpli\u00f3 50 a\u00f1os y tiene licencia para operar hasta fin de este mes.<\/p>\n\n\n\n<p>Para octubre est\u00e1 programado que comiencen millonarias<strong>\u00a0obras<\/strong>\u00a0para extender su funcionamiento por otras dos d\u00e9cadas. Los trabajos en la central nuclear<strong>\u00a0demandar\u00edan unos dos a\u00f1os y cerca de US$460 millones.<\/strong><\/p>\n\n\n\n<p>Pero el Ejecutivo analiza postergar esos trabajos ante lo que se espera sea un verano m\u00e1s caluroso de lo habitual y las advertencias sobre una temporada estival con una oferta energ\u00e9tica que no alcanzar\u00eda a abastecer los picos de demanda. Por eso, funcionarios de Javier Milei mantuvieron\u00a0<strong>contactos con la Autoridad Regulatoria Nuclear\u00a0<\/strong>para<strong>\u00a0sondear\u00a0<\/strong>un<strong>\u00a0posible retraso\u00a0<\/strong>en el proceso y permitir as\u00ed<strong>\u00a0garantizar el abastecimiento energ\u00e9tico suficiente<\/strong>.<\/p>\n\n\n\n<p>La decisi\u00f3n tiene que tomarse&nbsp;<strong>antes del 29 de septiembre.&nbsp;<\/strong>El jefe de Gabinete,&nbsp;<strong>Guillermo Francos,&nbsp;<\/strong>admiti\u00f3 que<strong>&nbsp;atrasar los trabajos en Atucha I&nbsp;<\/strong>era parte delplan oficial para&nbsp;<strong>minimizar posibles cortes<\/strong>&nbsp;masivos durante el verano.<\/p>\n\n\n\n<figure class=\"wp-block-image\"><img decoding=\"async\" src=\"https:\/\/tn.com.ar\/resizer\/v2\/el-jefe-de-gabinete-guillermo-francos-en-una-recorrida-por-la-obra-del-reactor-carem-que-construye-la-comision-nacional-de-energia-atomica-foto-cnea-CPUUCQPRJNDO3ENV27MGZPNR6M.jpg?auth=74ba0715e7e441bd097e4a4589c95771a351d6f7b504b36abc8ffca2b1f29728&amp;width=767\" alt=\"El jefe de Gabinete, Guillermo Francos, en una recorrida por la obra del reactor Carem, que construye la Comisi\u00f3n Nacional de Energ\u00eda At\u00f3mica. (Foto: CNEA).\"\/><figcaption class=\"wp-element-caption\">El jefe de Gabinete, Guillermo Francos, en una recorrida por la obra del reactor Carem, que construye la Comisi\u00f3n Nacional de Energ\u00eda At\u00f3mica. (Foto: CNEA).<\/figcaption><\/figure>\n\n\n\n<p>\u201cSe trabaja de manera conjunta con distintos organismos con injerencia en la materia en establecer un pron\u00f3stico certero y ajustado a las condiciones prevalecientes que&nbsp;<strong>permita mitigar posibles distorsiones y\/o perturbaciones sobre el sistema el\u00e9ctrico nacional,<\/strong>&nbsp;considerando&nbsp;<strong>los escenarios de condiciones clim\u00e1ticas y su influencia sobre la demanda\u201d<\/strong>, expuso el jefe de Gabinete.<\/p>\n\n\n\n<p>La demora en las definiciones generaron pedidos de los\u00a0<strong>empleados del complejo nuclear\u00a0<\/strong>de Lima, en Z\u00e1rate. Defienden la paralizaci\u00f3n de la central nuclear para<strong>\u00a0encarar las obras previstas,<\/strong>\u00a0a la vez que se quejaron por los nombramientos de funcionarios sin experiencia en el sector en el directorio de\u00a0<em>Nucleoel\u00e9ctrica (NASA)<\/em>, la empresa estatal que gestiona las dos Atucha y Embalse. Tambi\u00e9n rechazaron que la firma sea privatizada, como surge de la Ley Bases.<\/p>\n\n\n\n<p>En una carta dirigida a&nbsp;<strong>Luis Caputo<\/strong>, la Asociaci\u00f3n de Profesionales Universitarios del Agua y la Energ\u00eda El\u00e9ctrica (<em>Apuaye<\/em>) le pidi\u00f3 al ministro de Econom\u00eda que se&nbsp;<strong>eval\u00faen \u201cotras alternativas<\/strong>&nbsp;para afrontar los picos de demanda el\u00e9ctrica del pr\u00f3ximo verano, a fin de&nbsp;<strong>no postergar la parada&nbsp;<\/strong>(de Atucha I) prevista para poder dar comienzo a las obras\u201d, reprodujo el sitio especializado&nbsp;<em>Econojournal.<\/em><\/p>\n\n\n\n<p>Remarcaron que \u201clas&nbsp;<strong>tareas son clave para extender la operaci\u00f3n&nbsp;<\/strong>por m\u00e1s de 20 a\u00f1os, mantener la potencia instalada nuclear y el nivel de diversificaci\u00f3n de la matriz y conservar los conocimientos nacionales sobre la tecnolog\u00eda de uranio nacional y agua pesada\u201d.<\/p>\n\n\n\n<h2 class=\"wp-block-heading\">Qu\u00e9 pasa con el acuerdo con China para construir Atucha III<\/h2>\n\n\n\n<p>La&nbsp;<strong>nuclear representa entre el 7% y el 10% del total de la oferta de energ\u00eda el\u00e9ctrica&nbsp;<\/strong>que tiene la Argentina. En ese marco, la gesti\u00f3n de Alberto Fern\u00e1ndez suscribi\u00f3 a principios de 2022 con<strong>&nbsp;China un compromiso para construir otra planta nuclear<\/strong>&nbsp;en el complejo de Z\u00e1rate, con financiamiento y tecnolog\u00eda del gigante asi\u00e1tico. Form\u00f3 parte de la alianza estrat\u00e9gica con la que el pa\u00eds se adhiri\u00f3 a la iniciativa de la ruta de la seda.<\/p>\n\n\n\n<p>El proyecto<strong>\u00a0Atucha III\u00a0<\/strong>implicaba\u00a0una\u00a0<strong>inversi\u00f3n de US$8300 millones<\/strong>, y estaba previsto iniciar las obras a fines de 2022, pero<strong>\u00a0no avanz\u00f3\u00a0<\/strong>porque\u00a0<strong>no hubo acuerdo por el financiamiento ni la tasa de repago<\/strong>, entre otras cuestiones de la relaci\u00f3n bilateral.<\/p>\n\n\n\n<p>Con la llegada del\u00a0<strong>gobierno de Javier Milei,<\/strong>\u00a0y aunque hubo gestos de acercamiento, todos los<strong>\u00a0tratados firmados y en marcha<\/strong>\u00a0(como las\u00a0paralizadas represas de Santa Cruz)\u00a0est\u00e1n en\u00a0<strong>revisi\u00f3n.<\/strong><\/p>\n\n\n\n<figure class=\"wp-block-image\"><img decoding=\"async\" src=\"https:\/\/tn.com.ar\/resizer\/v2\/el-embajador-wang-wei-y-la-secretaria-general-de-la-presidencia-karina-milei-en-un-encuentro-que-mantuvieron-en-julio-para-hablar-sobre-la-relacion-bilateral-foto-xchinaembarg-TQVOHTT2VZC7ZG7XRAFNCWPFVI.jfif?auth=478adc1edadf5be2cd399ee549c5d2c695462b95216856b7922b5a224f7ada3f&amp;width=767\" alt=\"El embajador Wang Wei y la secretaria general de la Presidencia, Karina Milei, en un encuentro que mantuvieron en julio para hablar sobre la relaci\u00f3n bilateral. (Foto: X\/@ChinaEmbArg)\"\/><figcaption class=\"wp-element-caption\">El embajador Wang Wei y la secretaria general de la Presidencia, Karina Milei, en un encuentro que mantuvieron en julio para hablar sobre la relaci\u00f3n bilateral. (Foto: X\/@ChinaEmbArg)<\/figcaption><\/figure>\n\n\n\n<p>En su presentaci\u00f3n en Diputados, el jefe de Gabinete,&nbsp;<strong>Guillermo Francos<\/strong>, explic\u00f3 que&nbsp;<strong>el contrato<\/strong>&nbsp;de la construcci\u00f3n de Atucha III \u201c<strong>no entrar\u00e1 en vigencia ni ser\u00e1 vinculante<\/strong>&nbsp;para las partes hasta que se alcancen&nbsp;<strong>ciertas condiciones precedentes<\/strong>&nbsp;para su efectividad. El a\u00f1o pasado, el plazo para cumplir esas condiciones fue extendido<strong>&nbsp;hasta el 30 de abril de 2025<\/strong>\u2033.<\/p>\n\n\n\n<p>Respecto del<strong>&nbsp;financiamiento de la obra<\/strong>, el jefe de ministros expuso que \u201clas&nbsp;<strong>negociaciones<\/strong>&nbsp;correspondientes est\u00e1n a cargo del Ministerio de&nbsp;<strong>Econom\u00eda<\/strong>\u201d y que el proyecto de la nueva central nuclear&nbsp;<strong>\u201cno cuenta con asignaciones presupuestarias<\/strong>&nbsp;para el ejercicio en curso, ni para el&nbsp;<strong>trienio 2025\/27<\/strong>\u2033.<\/p>\n","protected":false},"excerpt":{"rendered":"<p>El Gobierno\u00a0estudia\u00a0medidas para asegurarse el abastecimiento energ\u00e9ticoen el verano y evitar posibles cortes de luz masivos. Entre las decisiones que debe tomar en los pr\u00f3ximos d\u00edas figura\u00a0la salida o no\u00a0del&hellip; <\/p>\n","protected":false},"author":12,"featured_media":164773,"comment_status":"closed","ping_status":"open","sticky":false,"template":"","format":"standard","meta":{"footnotes":""},"categories":[3],"tags":[],"class_list":["post-164760","post","type-post","status-publish","format-standard","has-post-thumbnail","hentry","category-politica"],"_links":{"self":[{"href":"https:\/\/corrientesdetarde.com\/index.php\/wp-json\/wp\/v2\/posts\/164760","targetHints":{"allow":["GET"]}}],"collection":[{"href":"https:\/\/corrientesdetarde.com\/index.php\/wp-json\/wp\/v2\/posts"}],"about":[{"href":"https:\/\/corrientesdetarde.com\/index.php\/wp-json\/wp\/v2\/types\/post"}],"author":[{"embeddable":true,"href":"https:\/\/corrientesdetarde.com\/index.php\/wp-json\/wp\/v2\/users\/12"}],"replies":[{"embeddable":true,"href":"https:\/\/corrientesdetarde.com\/index.php\/wp-json\/wp\/v2\/comments?post=164760"}],"version-history":[{"count":1,"href":"https:\/\/corrientesdetarde.com\/index.php\/wp-json\/wp\/v2\/posts\/164760\/revisions"}],"predecessor-version":[{"id":164774,"href":"https:\/\/corrientesdetarde.com\/index.php\/wp-json\/wp\/v2\/posts\/164760\/revisions\/164774"}],"wp:featuredmedia":[{"embeddable":true,"href":"https:\/\/corrientesdetarde.com\/index.php\/wp-json\/wp\/v2\/media\/164773"}],"wp:attachment":[{"href":"https:\/\/corrientesdetarde.com\/index.php\/wp-json\/wp\/v2\/media?parent=164760"}],"wp:term":[{"taxonomy":"category","embeddable":true,"href":"https:\/\/corrientesdetarde.com\/index.php\/wp-json\/wp\/v2\/categories?post=164760"},{"taxonomy":"post_tag","embeddable":true,"href":"https:\/\/corrientesdetarde.com\/index.php\/wp-json\/wp\/v2\/tags?post=164760"}],"curies":[{"name":"wp","href":"https:\/\/api.w.org\/{rel}","templated":true}]}}