{"id":164762,"date":"2024-09-09T08:30:04","date_gmt":"2024-09-09T11:30:04","guid":{"rendered":"https:\/\/corrientesdetarde.com\/?p=164762"},"modified":"2024-09-09T08:30:08","modified_gmt":"2024-09-09T11:30:08","slug":"el-hijo-de-florencia-pena-le-dijo-de-todo-a-fernanda-iglesias-y-el-video-se-viralizo","status":"publish","type":"post","link":"https:\/\/corrientesdetarde.com\/index.php\/espectaculos\/el-hijo-de-florencia-pena-le-dijo-de-todo-a-fernanda-iglesias-y-el-video-se-viralizo\/","title":{"rendered":"El hijo de Florencia Pe\u00f1a le dijo de todo a Fernanda Iglesias y el video se viraliz\u00f3"},"content":{"rendered":"\n<h2 class=\"wp-block-heading\">Al adolescente le preguntaron con qu\u00e9 famoso no tomar\u00eda un caf\u00e9 y no dud\u00f3 en nombrar a la periodista.<\/h2>\n\n\n\n<p>La fuerte cr\u00edtica del hijo de Flor Pe\u00f1a a Fernanda Iglesias. (Foto: Instagram\/juanotero &#8211; captura Am\u00e9rica)<\/p>\n\n\n\n<p><strong>Juan Otero<\/strong>\u00a0se volvi\u00f3\u00a0<strong>viral\u00a0<\/strong>en las \u00faltimas horas en las redes sociales. Es que el hijo de\u00a0<strong>Florencia Pe\u00f1a<\/strong>\u00a0apunt\u00f3 sin filtros contra\u00a0<strong>Fernanda Iglesias<\/strong>y critic\u00f3 la manera de trabajar de la periodista.<\/p>\n\n\n\n<p>Todo ocurri\u00f3 al aire del programa\u00a0<em>Te pido mildis<\/em>\u00a0que el joven conduce en el canal de streaming de\u00a0<em>Telefe<\/em>. All\u00ed, le preguntaron con cu\u00e1l famoso\u00a0<strong>no se sentar\u00eda a tomar un caf\u00e9<\/strong>.<\/p>\n\n\n\n<p>\u201cYo con una persona del medio, con Fernanda Iglesias\u201d, dijo Juan tras la consulta de su compa\u00f1era,\u00a0<strong>Lolo Poggio<\/strong>. \u201cMe parece una persona que\u00a0<strong>es muy bruta para comunicar su informaci\u00f3n<\/strong>\u201d, explic\u00f3 en un principio.<\/p>\n\n\n\n<figure class=\"wp-block-image\"><img decoding=\"async\" src=\"https:\/\/tn.com.ar\/resizer\/v2\/el-recorte-de-la-critica-de-juan-otero-fue-compartido-en-la-cuenta-de-lam-foto-captura-xelejercitodelam-77MC2FZFCFHBRIJAF52AR72YMY.png?auth=62013ef48aa0dbb2568139cf3fc87e8f5eccdf23d9fdb790249c60b9d980b496&amp;width=767\" alt=\"El recorte de la cr\u00edtica de Juan Otero fue compartido en la cuenta de &quot;LAM&quot;. (Foto: captura X\/elejercitodelam)\"\/><figcaption class=\"wp-element-caption\">El recorte de la cr\u00edtica de Juan Otero fue compartido en la cuenta de &#8220;LAM&#8221;. (Foto: captura X\/elejercitodelam)<\/figcaption><\/figure>\n\n\n\n<p>Ante la sorpresa del resto de los integrantes del programa, el hijo de Pe\u00f1a continu\u00f3 dando sus motivos. \u201cEs una persona que<strong>&nbsp;habla sin saber<\/strong>, expresa informaci\u00f3n de una manera muy fea, acota, y cuenta cosas que no tiene por qu\u00e9 decirlas. As\u00ed que no le creo nada\u201d, a\u00f1adi\u00f3.<\/p>\n\n\n\n<p>Luego, se refiri\u00f3 a las cr\u00edticas que Flor recibi\u00f3 de Fernanda. \u201cElla dice que mam\u00e1 act\u00faa muy exageradamente, yo te digo a vos que<strong>&nbsp;hac\u00e9s tu trabajo muy exageradamente<\/strong>. Cuando est\u00e9 en&nbsp;<em>LAM (Am\u00e9rica)<\/em>&nbsp;te lo voy a decir de frente\u201d, indic\u00f3 sin filtros.<\/p>\n\n\n\n<p>El recorte del momento se volvi\u00f3 viral en las redes sociales por las palabras de Juan hacia la periodista. Incluso, hubo quienes cuestionaron a Lolo,&nbsp;<strong>la hermana menor de Julieta Poggio&nbsp;<\/strong>porque no conoce a Iglesias.&nbsp;<strong>\u201cNo s\u00e9 qui\u00e9n es, chicos\u201d<\/strong>, expres\u00f3 al aire.<\/p>\n\n\n\n<h2 class=\"wp-block-heading\">Qu\u00e9 dijo Juan Otero sobre Roberto Piazza<\/h2>\n\n\n\n<p>Adem\u00e1s de sus palabras contra Fernanda Iglesias, el joven hab\u00eda sido letal hace unos d\u00edas con Roberto Piazza. Es que Flor Pe\u00f1a fue confirmada como conductora del<em><strong>Cantando<\/strong><\/em><em>&nbsp;(Am\u00e9rica)<\/em>&nbsp;y esto&nbsp;<strong>enfureci\u00f3 al dise\u00f1ador de moda<\/strong>.<\/p>\n\n\n\n<p>\u201c<strong>Jajajaja<\/strong>\u201d, coment\u00f3 el modista en principio al posteo que anunciaba que la actriz estar\u00eda a cargo del&nbsp;<em>reality<\/em>. Una usuaria contest\u00f3 a esa risa ir\u00f3nica del dise\u00f1ador y dijo: \u201cEstando Florencia ni en pedo lo veo\u201d.<\/p>\n\n\n\n<figure class=\"wp-block-image\"><img decoding=\"async\" src=\"https:\/\/tn.com.ar\/resizer\/v2\/roberto-piazza-destrozo-a-flor-pena-foto-captura-instagram-XUWUCVYJKJAM7AI4ZFBRALSU7Q.JPG?auth=f064b4065d88a76fdf35a9eb9836e7af813258c86f9820d067d6ec47acc1b3e6&amp;width=767\" alt=\"Roberto Piazza destroz\u00f3 a Flor Pe\u00f1a (Foto: captura Instagram)\"\/><figcaption class=\"wp-element-caption\">Roberto Piazza destroz\u00f3 a Flor Pe\u00f1a (Foto: captura Instagram)<\/figcaption><\/figure>\n\n\n\n<p>Letal, Piazza a\u00f1adi\u00f3: \u201c<strong>Yo har\u00eda una ley para protecci\u00f3n a la mente para que se calle Florencia Pe\u00f1a<\/strong>\u201d. Esta cr\u00edtica lleg\u00f3 a ojos de&nbsp;<strong>Juan Otero<\/strong>, el hijo menor que la artista tuvo con Mariano Otero, quien&nbsp;<strong>no se qued\u00f3 callado<\/strong>&nbsp;y le respondi\u00f3 con los tapones de punta.<\/p>\n\n\n\n<p>\u201c<strong>Pobre hombre\u2026 no le da la cabeza para entender que hay gente talentosa en esta vida<\/strong>\u201d, sentenci\u00f3 el joven sin filtros ante el comentario negativo hacia su mam\u00e1.<\/p>\n","protected":false},"excerpt":{"rendered":"<p>Al adolescente le preguntaron con qu\u00e9 famoso no tomar\u00eda un caf\u00e9 y no dud\u00f3 en nombrar a la periodista. La fuerte cr\u00edtica del hijo de Flor Pe\u00f1a a Fernanda Iglesias.&hellip; <\/p>\n","protected":false},"author":12,"featured_media":164769,"comment_status":"closed","ping_status":"open","sticky":false,"template":"","format":"standard","meta":{"footnotes":""},"categories":[19],"tags":[],"class_list":["post-164762","post","type-post","status-publish","format-standard","has-post-thumbnail","hentry","category-espectaculos"],"_links":{"self":[{"href":"https:\/\/corrientesdetarde.com\/index.php\/wp-json\/wp\/v2\/posts\/164762","targetHints":{"allow":["GET"]}}],"collection":[{"href":"https:\/\/corrientesdetarde.com\/index.php\/wp-json\/wp\/v2\/posts"}],"about":[{"href":"https:\/\/corrientesdetarde.com\/index.php\/wp-json\/wp\/v2\/types\/post"}],"author":[{"embeddable":true,"href":"https:\/\/corrientesdetarde.com\/index.php\/wp-json\/wp\/v2\/users\/12"}],"replies":[{"embeddable":true,"href":"https:\/\/corrientesdetarde.com\/index.php\/wp-json\/wp\/v2\/comments?post=164762"}],"version-history":[{"count":1,"href":"https:\/\/corrientesdetarde.com\/index.php\/wp-json\/wp\/v2\/posts\/164762\/revisions"}],"predecessor-version":[{"id":164770,"href":"https:\/\/corrientesdetarde.com\/index.php\/wp-json\/wp\/v2\/posts\/164762\/revisions\/164770"}],"wp:featuredmedia":[{"embeddable":true,"href":"https:\/\/corrientesdetarde.com\/index.php\/wp-json\/wp\/v2\/media\/164769"}],"wp:attachment":[{"href":"https:\/\/corrientesdetarde.com\/index.php\/wp-json\/wp\/v2\/media?parent=164762"}],"wp:term":[{"taxonomy":"category","embeddable":true,"href":"https:\/\/corrientesdetarde.com\/index.php\/wp-json\/wp\/v2\/categories?post=164762"},{"taxonomy":"post_tag","embeddable":true,"href":"https:\/\/corrientesdetarde.com\/index.php\/wp-json\/wp\/v2\/tags?post=164762"}],"curies":[{"name":"wp","href":"https:\/\/api.w.org\/{rel}","templated":true}]}}