{"id":164764,"date":"2024-09-09T08:26:14","date_gmt":"2024-09-09T11:26:14","guid":{"rendered":"https:\/\/corrientesdetarde.com\/?p=164764"},"modified":"2024-09-09T08:26:26","modified_gmt":"2024-09-09T11:26:26","slug":"dos-paracaidistas-argentinos-rompieron-un-record-mundial-con-un-salto-nocturno-desde-la-estratosfera","status":"publish","type":"post","link":"https:\/\/corrientesdetarde.com\/index.php\/deportes\/dos-paracaidistas-argentinos-rompieron-un-record-mundial-con-un-salto-nocturno-desde-la-estratosfera\/","title":{"rendered":"Dos paracaidistas argentinos rompieron un r\u00e9cord mundial con un salto nocturno desde la estrat\u00f3sfera"},"content":{"rendered":"\n<h2 class=\"wp-block-heading\">Alejandro Montagna y Marcelo Vives se arrojaron desde los 13 mil metros de altura y batieron una marca de 2019. Se sobrepusieron a la velocidad, el fr\u00edo extremo y la oscuridad.<\/h2>\n\n\n\n<p>Alejandro Montagna y Marcelo Vives superaron un r\u00e9cord tras saltar desde los 13 mil metros y enfrentar el fr\u00edo extremo, la velocidad y la oscuridad. (Foto: Instagram\/@alejandro_montagna).<\/p>\n\n\n\n<p>Alejandro Montagna y Marcelo Vives, paracaidistas argentinos con una impresionante trayectoria, rompieron un r\u00e9cord mundial de<strong>salto nocturno desde gran altitud,\u00a0<\/strong>al arrojarse\u00a0<strong>en ca\u00edda libre desde la estrat\u00f3sfera, a 13 mil metros de altura.<\/strong><\/p>\n\n\n\n<p>El r\u00e9cord actual, logrado por el estadounidense Andy Stumpf en 2019, fue de 36.000 pies (aproximadamente 10.973 metros).<\/p>\n\n\n\n<p>El salto&nbsp;<strong>se llev\u00f3 a cabo desde el aer\u00f3dromo WTS, cerca de Memphis, Tennessee.&nbsp;<\/strong>Los paracaidistas ascendieron a 12.500 metros de altura en un avi\u00f3n especializado y saltaron al vac\u00edo en plena oscuridad.<\/p>\n\n\n\n<p>\u201cFue muy zarpado.&nbsp;<strong>Tengo 4500 saltos, pero esto supera todos los hechos hasta hoy<\/strong>. Fue muy intenso, el fr\u00edo, la velocidad, la m\u00e1scara de ox\u00edgeno, el tiempo de ca\u00edda libre\u201d, cont\u00f3 Alejandro minutos despu\u00e9s de aterrizar.<\/p>\n\n\n\n<p>Y continu\u00f3: \u201cAl principio, durante el primer minuto, Marcelo y yo no sab\u00edamos si est\u00e1bamos sobre la zona de aterrizaje o no. La visual era muy confusa desde tanta altura. Igual ya no hab\u00eda nada que hacer. Pero Taylor (el tercer paracaidista) que conoce muy bien la zona, r\u00e1pidamente identific\u00f3 las luces de una prisi\u00f3n grande que est\u00e1 a unos 5 km, y al sur de eso&nbsp;<strong>vio las balizas de rescate marino que hab\u00edamos puesto sobre la pista<\/strong>\u201d<\/p>\n\n\n\n<figure class=\"wp-block-image\"><img decoding=\"async\" src=\"https:\/\/tn.com.ar\/resizer\/v2\/los-paracaidistas-argentinos-desafiaron-temperaturas-extremas-y-una-velocidad-de-caida-de-300-kmh-foto-instagram-de-marcelo-vives-FCBFLUDHFVG2PB55YLJCJPJ3MU.jpg?auth=d725137915efb5c4c3a7881bc778f43f80337616300cc8fb661da6b355b5af89&amp;width=767\" alt=\"Los paracaidistas argentinos desafiaron temperaturas extremas y una velocidad de ca\u00edda de 300 km\/h. (Foto: Instagram de Marcelo Vives)\"\/><figcaption class=\"wp-element-caption\">Los paracaidistas argentinos desafiaron temperaturas extremas y una velocidad de ca\u00edda de 300 km\/h. (Foto: Instagram de Marcelo Vives)<\/figcaption><\/figure>\n\n\n\n<p><\/p>\n\n\n\n<p>Aunque falta la oficializaci\u00f3n, Montagna confirm\u00f3: \u201cEl juez ya homolog\u00f3 la altura y&nbsp;<strong>tenemos el r\u00e9cord mundial\u201d.<\/strong><\/p>\n\n\n\n<p>\u201cA pesar de los vientos cruzados, bastante fuertes a baja altura, Taylor y yo logramos aterrizar a pocos metros de las balizas. Marcelo (Vives), que por procedimiento ten\u00eda que abrir 300 metros arriba nuestro,&nbsp;<strong>tuvo dificultades para llegar y por muy pocos metros no aterriza sobre los \u00e1rboles<\/strong>. Me mostr\u00f3 el video, y literalmente aterriz\u00f3 a 5 metros del fin del bosque. Eso pudo haber sido un problema\u201d, dijo Alejandro.<\/p>\n\n\n\n<h2 class=\"wp-block-heading\">\u00bfQu\u00e9 desaf\u00edos enfrentaron?<\/h2>\n\n\n\n<p>Montagna y Vives se sobrepusieron a condiciones extremas:<\/p>\n\n\n\n<ul class=\"wp-block-list\">\n<li>Una velocidad de ca\u00edda de 300 kil\u00f3metros por hora<\/li>\n\n\n\n<li>Temperaturas reales de -60\u00b0C y una sensaci\u00f3n t\u00e9rmica de -100\u00b0C<\/li>\n\n\n\n<li>Utilizar\u00e1n trajes con sistemas de ox\u00edgeno y protecci\u00f3n t\u00e9rmica<\/li>\n\n\n\n<li>El salto incluir\u00e1 tres minutos y medio de ca\u00edda libre.<\/li>\n<\/ul>\n\n\n\n<h2 class=\"wp-block-heading\">Preparativos<\/h2>\n\n\n\n<p>Previo al desaf\u00edo, realizaron saltos de prueba desde 5.000 metros para ajustar sus equipos y verificar su funcionamiento. Estos ensayos les permitieron afinar los sistemas de ox\u00edgeno y los trajes t\u00e9rmicos necesarios para enfrentar el fr\u00edo y la altitud.<\/p>\n","protected":false},"excerpt":{"rendered":"<p>Alejandro Montagna y Marcelo Vives se arrojaron desde los 13 mil metros de altura y batieron una marca de 2019. Se sobrepusieron a la velocidad, el fr\u00edo extremo y la&hellip; <\/p>\n","protected":false},"author":12,"featured_media":164765,"comment_status":"closed","ping_status":"open","sticky":false,"template":"","format":"standard","meta":{"footnotes":""},"categories":[4],"tags":[],"class_list":["post-164764","post","type-post","status-publish","format-standard","has-post-thumbnail","hentry","category-deportes"],"_links":{"self":[{"href":"https:\/\/corrientesdetarde.com\/index.php\/wp-json\/wp\/v2\/posts\/164764","targetHints":{"allow":["GET"]}}],"collection":[{"href":"https:\/\/corrientesdetarde.com\/index.php\/wp-json\/wp\/v2\/posts"}],"about":[{"href":"https:\/\/corrientesdetarde.com\/index.php\/wp-json\/wp\/v2\/types\/post"}],"author":[{"embeddable":true,"href":"https:\/\/corrientesdetarde.com\/index.php\/wp-json\/wp\/v2\/users\/12"}],"replies":[{"embeddable":true,"href":"https:\/\/corrientesdetarde.com\/index.php\/wp-json\/wp\/v2\/comments?post=164764"}],"version-history":[{"count":1,"href":"https:\/\/corrientesdetarde.com\/index.php\/wp-json\/wp\/v2\/posts\/164764\/revisions"}],"predecessor-version":[{"id":164766,"href":"https:\/\/corrientesdetarde.com\/index.php\/wp-json\/wp\/v2\/posts\/164764\/revisions\/164766"}],"wp:featuredmedia":[{"embeddable":true,"href":"https:\/\/corrientesdetarde.com\/index.php\/wp-json\/wp\/v2\/media\/164765"}],"wp:attachment":[{"href":"https:\/\/corrientesdetarde.com\/index.php\/wp-json\/wp\/v2\/media?parent=164764"}],"wp:term":[{"taxonomy":"category","embeddable":true,"href":"https:\/\/corrientesdetarde.com\/index.php\/wp-json\/wp\/v2\/categories?post=164764"},{"taxonomy":"post_tag","embeddable":true,"href":"https:\/\/corrientesdetarde.com\/index.php\/wp-json\/wp\/v2\/tags?post=164764"}],"curies":[{"name":"wp","href":"https:\/\/api.w.org\/{rel}","templated":true}]}}