{"id":165002,"date":"2024-09-09T23:28:29","date_gmt":"2024-09-10T02:28:29","guid":{"rendered":"https:\/\/corrientesdetarde.com\/?p=165002"},"modified":"2024-09-09T23:28:34","modified_gmt":"2024-09-10T02:28:34","slug":"tensiones-en-el-gobierno-bullrich-rechaza-la-jefatura-de-gabinete-en-medio-de-rumores-sobre-la-renuncia-de-francos","status":"publish","type":"post","link":"https:\/\/corrientesdetarde.com\/index.php\/politica\/tensiones-en-el-gobierno-bullrich-rechaza-la-jefatura-de-gabinete-en-medio-de-rumores-sobre-la-renuncia-de-francos\/","title":{"rendered":"TENSIONES EN EL GOBIERNO: BULLRICH RECHAZA LA JEFATURA DE GABINETE EN MEDIO DE RUMORES SOBRE LA RENUNCIA DE FRANCOS"},"content":{"rendered":"\n<p>(Corresponsalia Buenos Aires) &#8211; La internaci\u00f3n de Guillermo Francos por un cuadro de gastroenteritis, luego de un enfrentamiento con Santiago Caputo, desat\u00f3 una ola de especulaciones sobre posibles cambios en el gabinete de Javier Milei. Seg\u00fan inform\u00f3 LPO, esta situaci\u00f3n ha generado incertidumbre en el gobierno y entre sus aliados.<\/p>\n\n\n\n<p>Fuentes del entorno gubernamental aseguran que Francos no caer\u00e1 v\u00edctima de la &#8220;maldici\u00f3n del informe de gesti\u00f3n&#8221;, como ocurri\u00f3 con Nicol\u00e1s Posse, quien fue removido del cargo de jefe de Gabinete d\u00edas despu\u00e9s de presentar un informe en el Senado. No obstante, algunas versiones apuntan a la posibilidad de que Francos podr\u00eda ser trasladado a la embajada de Londres, actualmente vacante, en lugar de una destituci\u00f3n abrupta.<\/p>\n\n\n\n<p>&#8220;No van a sacar a Francos porque no tienen a nadie&#8221;, expres\u00f3 un diputado presente en la reuni\u00f3n que Karina Milei, hermana del presidente, encabez\u00f3 con bloques aliados en la Casa Rosada en sustituci\u00f3n de Francos, que permanec\u00eda internado.<\/p>\n\n\n\n<p>Desde el c\u00edrculo cercano de Karina Milei se especula que, si las gestiones gubernamentales avanzan con \u00e9xito en ausencia de Francos, su salida podr\u00eda concretarse. Sin embargo, las mismas fuentes indican que la relaci\u00f3n entre Francos y Santiago Caputo sigue siendo tensa, lo que podr\u00eda acelerar su salida del gabinete.<\/p>\n\n\n\n<p>En este contexto, tambi\u00e9n surgi\u00f3 el nombre de Patricia Bullrich como posible candidata para asumir la Jefatura de Gabinete, un rumor que ha circulado desde los inicios del gobierno libertario. No obstante, la ex candidata a presidenta del PRO dej\u00f3 en claro que no est\u00e1 interesada en asumir ese cargo. &#8220;Ella est\u00e1 c\u00f3moda donde est\u00e1&#8221;, afirmaron a LPO allegados a Bullrich, quien ha ganado protagonismo al respaldar medidas de seguridad que han reducido la tasa de homicidios en Rosario y puesto fin a los piquetes.<\/p>\n\n\n\n<p>Mientras tanto, en el entorno gubernamental se exige a Santiago Caputo, que ejerce la Jefatura de Gabinete en la sombra, que asuma formalmente su rol. Sin embargo, seg\u00fan LPO, fuentes libertarias admiten que &#8220;Santiago no va a querer&#8221; aceptar el puesto oficial.<\/p>\n\n\n\n<p>La situaci\u00f3n dentro del gabinete es compleja, y las cr\u00edticas no escasean. Bullrich ha sido se\u00f1alada por no sumar apoyos suficientes en el Congreso, mientras que la posible entrada de Caputo o Bullrich en la Jefatura de Gabinete ser\u00eda vista como una declaraci\u00f3n de guerra de Milei hacia Mauricio Macri, de quien Caputo es un ac\u00e9rrimo opositor.<\/p>\n\n\n\n<p>Adem\u00e1s, se barajan otros posibles cambios, como un enroque entre Mart\u00edn Menem y Cristian Ritondo, con Menem traslad\u00e1ndose al Ministerio del Interior y Ritondo tomando la presidencia de la C\u00e1mara de Diputados. Sin embargo, estos movimientos dependen de acuerdos m\u00e1s amplios y complejos entre distintas fuerzas pol\u00edticas.<\/p>\n\n\n\n<p>El escenario pol\u00edtico sigue siendo incierto y cualquier cambio podr\u00eda reconfigurar significativamente el tablero del gobierno de Javier Milei.<\/p>\n","protected":false},"excerpt":{"rendered":"<p>(Corresponsalia Buenos Aires) &#8211; La internaci\u00f3n de Guillermo Francos por un cuadro de gastroenteritis, luego de un enfrentamiento con Santiago Caputo, desat\u00f3 una ola de especulaciones sobre posibles cambios en&hellip; <\/p>\n","protected":false},"author":11,"featured_media":165003,"comment_status":"closed","ping_status":"open","sticky":false,"template":"","format":"standard","meta":{"footnotes":""},"categories":[3],"tags":[83,1515],"class_list":["post-165002","post","type-post","status-publish","format-standard","has-post-thumbnail","hentry","category-politica","tag-bullrich","tag-francos"],"_links":{"self":[{"href":"https:\/\/corrientesdetarde.com\/index.php\/wp-json\/wp\/v2\/posts\/165002","targetHints":{"allow":["GET"]}}],"collection":[{"href":"https:\/\/corrientesdetarde.com\/index.php\/wp-json\/wp\/v2\/posts"}],"about":[{"href":"https:\/\/corrientesdetarde.com\/index.php\/wp-json\/wp\/v2\/types\/post"}],"author":[{"embeddable":true,"href":"https:\/\/corrientesdetarde.com\/index.php\/wp-json\/wp\/v2\/users\/11"}],"replies":[{"embeddable":true,"href":"https:\/\/corrientesdetarde.com\/index.php\/wp-json\/wp\/v2\/comments?post=165002"}],"version-history":[{"count":2,"href":"https:\/\/corrientesdetarde.com\/index.php\/wp-json\/wp\/v2\/posts\/165002\/revisions"}],"predecessor-version":[{"id":165005,"href":"https:\/\/corrientesdetarde.com\/index.php\/wp-json\/wp\/v2\/posts\/165002\/revisions\/165005"}],"wp:featuredmedia":[{"embeddable":true,"href":"https:\/\/corrientesdetarde.com\/index.php\/wp-json\/wp\/v2\/media\/165003"}],"wp:attachment":[{"href":"https:\/\/corrientesdetarde.com\/index.php\/wp-json\/wp\/v2\/media?parent=165002"}],"wp:term":[{"taxonomy":"category","embeddable":true,"href":"https:\/\/corrientesdetarde.com\/index.php\/wp-json\/wp\/v2\/categories?post=165002"},{"taxonomy":"post_tag","embeddable":true,"href":"https:\/\/corrientesdetarde.com\/index.php\/wp-json\/wp\/v2\/tags?post=165002"}],"curies":[{"name":"wp","href":"https:\/\/api.w.org\/{rel}","templated":true}]}}