{"id":165006,"date":"2024-09-09T23:34:54","date_gmt":"2024-09-10T02:34:54","guid":{"rendered":"https:\/\/corrientesdetarde.com\/?p=165006"},"modified":"2024-09-09T23:36:41","modified_gmt":"2024-09-10T02:36:41","slug":"el-senado-implementa-sistema-de-control-de-asistencia-por-huella-digital-para-combatir-el-ausentismo-laboral","status":"publish","type":"post","link":"https:\/\/corrientesdetarde.com\/index.php\/politica\/el-senado-implementa-sistema-de-control-de-asistencia-por-huella-digital-para-combatir-el-ausentismo-laboral\/","title":{"rendered":"EL SENADO IMPLEMENTA SISTEMA DE CONTROL DE ASISTENCIA POR HUELLA DIGITAL PARA COMBATIR EL AUSENTISMO LABORAL"},"content":{"rendered":"\n<p>(Pablo Roma, Congreso Nacional) &#8211; En un esfuerzo por combatir el ausentismo laboral y enfrentar a los conocidos &#8220;\u00f1oquis&#8221; \u2014empleados que perciben su salario sin asistir a sus puestos de trabajo\u2014, el Senado de la Naci\u00f3n implementar\u00e1 un nuevo sistema de control de asistencia mediante huella digital. La medida fue anunciada este lunes a trav\u00e9s del decreto parlamentario 40\/2024, firmado por la vicepresidenta y titular de la C\u00e1mara alta, Victoria Villarruel, y entrar\u00e1 en vigor el pr\u00f3ximo jueves 12 de septiembre.<\/p>\n\n\n\n<p>Durante los meses de junio y julio, 3.507 empleados del Senado registraron su huella digital y se instalaron 10 dispositivos de lectura en diversas dependencias del Palacio Legislativo. El nuevo sistema de control abarcar\u00e1 tanto a empleados de planta permanente como a aquellos con contratos de estad\u00eda transitoria.<\/p>\n\n\n\n<p>En caso de que los dispositivos de huella digital no funcionen correctamente, los trabajadores deber\u00e1n registrar su asistencia mediante una planilla aprobada en el Anexo II de la resoluci\u00f3n, firmando al inicio y al final de cada jornada laboral.<\/p>\n\n\n\n<p>Desde la Presidencia del Senado destacaron que esta iniciativa representa &#8220;una nueva medida en el combate contra los empleados que cobran su salario, pero no concurren a su lugar de trabajo&#8221;. Con este nuevo sistema, se espera mejorar la transparencia y la eficiencia en la administraci\u00f3n del Senado.<\/p>\n\n\n\n<div data-wp-interactive=\"core\/file\" class=\"wp-block-file\"><object data-wp-bind--hidden=\"!state.hasPdfPreview\" hidden class=\"wp-block-file__embed\" data=\"https:\/\/corrientesdetarde.com\/wp-content\/uploads\/2024\/09\/Se-implementa-el-sistema-de-Huella-Digital-en-el-senado.pdf\" type=\"application\/pdf\" style=\"width:100%;height:600px\" aria-label=\"Incrustado de Se-implementa-el-sistema-de-Huella-Digital-en-el-senado.\"><\/object><a id=\"wp-block-file--media-2f1da77f-05d1-4e8e-8a4a-bea45df07856\" href=\"https:\/\/corrientesdetarde.com\/wp-content\/uploads\/2024\/09\/Se-implementa-el-sistema-de-Huella-Digital-en-el-senado.pdf\">Se-implementa-el-sistema-de-Huella-Digital-en-el-senado<\/a><a href=\"https:\/\/corrientesdetarde.com\/wp-content\/uploads\/2024\/09\/Se-implementa-el-sistema-de-Huella-Digital-en-el-senado.pdf\" class=\"wp-block-file__button wp-element-button\" download aria-describedby=\"wp-block-file--media-2f1da77f-05d1-4e8e-8a4a-bea45df07856\">Descarga<\/a><\/div>\n\n\n\n<p><\/p>\n","protected":false},"excerpt":{"rendered":"<p>(Pablo Roma, Congreso Nacional) &#8211; En un esfuerzo por combatir el ausentismo laboral y enfrentar a los conocidos &#8220;\u00f1oquis&#8221; \u2014empleados que perciben su salario sin asistir a sus puestos de&hellip; <\/p>\n","protected":false},"author":11,"featured_media":165008,"comment_status":"closed","ping_status":"open","sticky":false,"template":"","format":"standard","meta":{"footnotes":""},"categories":[3],"tags":[2229,2230,93],"class_list":["post-165006","post","type-post","status-publish","format-standard","has-post-thumbnail","hentry","category-politica","tag-dedo","tag-huella","tag-senado"],"_links":{"self":[{"href":"https:\/\/corrientesdetarde.com\/index.php\/wp-json\/wp\/v2\/posts\/165006","targetHints":{"allow":["GET"]}}],"collection":[{"href":"https:\/\/corrientesdetarde.com\/index.php\/wp-json\/wp\/v2\/posts"}],"about":[{"href":"https:\/\/corrientesdetarde.com\/index.php\/wp-json\/wp\/v2\/types\/post"}],"author":[{"embeddable":true,"href":"https:\/\/corrientesdetarde.com\/index.php\/wp-json\/wp\/v2\/users\/11"}],"replies":[{"embeddable":true,"href":"https:\/\/corrientesdetarde.com\/index.php\/wp-json\/wp\/v2\/comments?post=165006"}],"version-history":[{"count":2,"href":"https:\/\/corrientesdetarde.com\/index.php\/wp-json\/wp\/v2\/posts\/165006\/revisions"}],"predecessor-version":[{"id":165010,"href":"https:\/\/corrientesdetarde.com\/index.php\/wp-json\/wp\/v2\/posts\/165006\/revisions\/165010"}],"wp:featuredmedia":[{"embeddable":true,"href":"https:\/\/corrientesdetarde.com\/index.php\/wp-json\/wp\/v2\/media\/165008"}],"wp:attachment":[{"href":"https:\/\/corrientesdetarde.com\/index.php\/wp-json\/wp\/v2\/media?parent=165006"}],"wp:term":[{"taxonomy":"category","embeddable":true,"href":"https:\/\/corrientesdetarde.com\/index.php\/wp-json\/wp\/v2\/categories?post=165006"},{"taxonomy":"post_tag","embeddable":true,"href":"https:\/\/corrientesdetarde.com\/index.php\/wp-json\/wp\/v2\/tags?post=165006"}],"curies":[{"name":"wp","href":"https:\/\/api.w.org\/{rel}","templated":true}]}}