{"id":165035,"date":"2024-09-10T07:20:06","date_gmt":"2024-09-10T10:20:06","guid":{"rendered":"https:\/\/corrientesdetarde.com\/?p=165035"},"modified":"2024-09-10T07:20:18","modified_gmt":"2024-09-10T10:20:18","slug":"adictos-provocaron-incidentes-con-vecinos-del-barrio-belgrano","status":"publish","type":"post","link":"https:\/\/corrientesdetarde.com\/index.php\/destacados\/adictos-provocaron-incidentes-con-vecinos-del-barrio-belgrano\/","title":{"rendered":"&#8220;Adictos&#8221; provocaron incidentes con vecinos del barrio Belgrano"},"content":{"rendered":"\n<p>Los involucrados tienen antecedentes penales. Un joven result\u00f3 con graves heridas. Alertan por constantes disturbios y temen que la situaci\u00f3n termine en tragedia. Hay varias denuncias, pero nada cambi\u00f3 desde entonces.<a href=\"https:\/\/api.whatsapp.com\/send?text=%22Adictos%22%20provocaron%20incidentes%20con%20vecinos%20del%20barrio%20Belgrano%20-%20https:\/\/www.diarioepoca.com\/1331917-adictos-provocaron-incidentes-con-vecinos-del-barrio-belgrano?utm_source=WhatsApp%26utm_medium=WhatsApp%26utm_campaign=WhatsApp%26utm_term=WhatsApp\" target=\"_blank\" rel=\"noreferrer noopener\"><\/a><a href=\"https:\/\/www.diarioepoca.com\/1331917-adictos-provocaron-incidentes-con-vecinos-del-barrio-belgrano#\"><\/a><a href=\"https:\/\/www.diarioepoca.com\/1331917-adictos-provocaron-incidentes-con-vecinos-del-barrio-belgrano#\"><\/a><\/p>\n\n\n\n<p>Un joven termin\u00f3 con un enorme tajo en la cabeza y heridas en todo su cuerpo, luego de ser atacado a golpes de pu\u00f1os, patadas y a cuchillazos en el barrio Belgrano. Incidentes como estos se ven casi a diario y los vecinos est\u00e1n cansados, ya que muchas veces, ellos mismos son el blanco de este grupo de marginales que, adem\u00e1s de tener antecedentes de todo tipo, tambi\u00e9n consumen estupefacientes y se vuelven violentos al extremo. El domingo fue el \u00faltimo gran incidente y temen que haya represalias.<\/p>\n\n\n\n<p>Fue cerca de las 18:15 cuando los gritos y corridas alertaron a los vecinos de la calle Don Oriones al 2800, cuando la barriada disfrutaba de la tarde, varios j\u00f3venes protagonizaron un violento altercado al agredir brutalmente a un sujeto, que adem\u00e1s ser\u00eda conocido de sus atacantes. &#8220;Todos son consumidores de estupefacientes y tienen problemas con la Justicia, ya que poseen antecedentes de todo tipo. Y encima se la agarran siempre con los vecinos y ya estamos cansados&#8221;, explic\u00f3 un hombre que vive en las inmediaciones.<\/p>\n\n\n\n<figure class=\"wp-block-image\"><img decoding=\"async\" src=\"https:\/\/www.diarioepoca.com\/content\/bucket\/0\/1383300w380h402c.jpg.webp\" alt=\"\"\/><\/figure>\n\n\n\n<p>Los incidentes quedaron registrados en im\u00e1genes de video que los propios vecinos tomaron para que quede evidencia de la situaci\u00f3n y en caso de ser necesario aportarlas a la Justicia. &#8220;Todos los d\u00edas pasa esto. Se drogan en la vereda de nuestras casas, est\u00e1n pele\u00e1ndose o agrediendo a alg\u00fan vecino, y tomaron el barrio como si fueran los due\u00f1os y la Polic\u00eda no los puede tocar. Cuando los arresta a las dos horas ya est\u00e1n de nuevo en la calle provocando problemas&#8221;, expresaron.<\/p>\n\n\n\n<p>Pero el domingo, el incidente involucr\u00f3 no solo a quienes peleaban entre s\u00ed, sino a varios vecinos que ya est\u00e1n cansados de esta situaci\u00f3n y temen que ocurra una tragedia, que termine perjudicando a personas inocentes.<\/p>\n\n\n\n<p>&#8220;No sentimos que la Justicia est\u00e9 teniendo el efecto deseado en esta gente, porque los arrestan y vuelven m\u00e1s violentos y peligrosos. Ya hicimos varias denuncias contra ellos y vuelven a reincidir&#8221;, explicaron.<\/p>\n\n\n\n<figure class=\"wp-block-image\"><img decoding=\"async\" src=\"https:\/\/www.diarioepoca.com\/content\/bucket\/1\/1383301w380h399c.jpg.webp\" alt=\"\"\/><\/figure>\n\n\n\n<p>Las personas marcan a tres protagonistas del \u00faltimo incidente, que ser\u00edan dos hermanos de apellido Ojeda, alias &#8220;Mul\u00e1&#8221; y alias &#8220;Kiko&#8221;, y un tercero que esta vez fue el que recibi\u00f3 la paliza de apellido N\u00fa\u00f1ez, apodado &#8220;Chispi&#8221;; aunque varios vecinos se vieron involucrados al intentar impedir una tragedia. Minutos despu\u00e9s llegaron m\u00f3viles de la Polic\u00eda al lugar; una vez m\u00e1s, tambi\u00e9n una ambulancia para atender al joven gravemente herido.<\/p>\n\n\n\n<p>Por el hecho no hay detenidos y los vecinos piden a la Justicia que tome las riendas del caso a ra\u00edz de las m\u00faltiples denuncias y quejas al respecto. Esta situaci\u00f3n se repite en casi todos los barrios de la capital correntina.<\/p>\n","protected":false},"excerpt":{"rendered":"<p>Los involucrados tienen antecedentes penales. Un joven result\u00f3 con graves heridas. Alertan por constantes disturbios y temen que la situaci\u00f3n termine en tragedia. Hay varias denuncias, pero nada cambi\u00f3 desde&hellip; <\/p>\n","protected":false},"author":12,"featured_media":165040,"comment_status":"closed","ping_status":"open","sticky":false,"template":"","format":"standard","meta":{"footnotes":""},"categories":[26,33],"tags":[],"class_list":["post-165035","post","type-post","status-publish","format-standard","has-post-thumbnail","hentry","category-destacados","category-policiales"],"_links":{"self":[{"href":"https:\/\/corrientesdetarde.com\/index.php\/wp-json\/wp\/v2\/posts\/165035","targetHints":{"allow":["GET"]}}],"collection":[{"href":"https:\/\/corrientesdetarde.com\/index.php\/wp-json\/wp\/v2\/posts"}],"about":[{"href":"https:\/\/corrientesdetarde.com\/index.php\/wp-json\/wp\/v2\/types\/post"}],"author":[{"embeddable":true,"href":"https:\/\/corrientesdetarde.com\/index.php\/wp-json\/wp\/v2\/users\/12"}],"replies":[{"embeddable":true,"href":"https:\/\/corrientesdetarde.com\/index.php\/wp-json\/wp\/v2\/comments?post=165035"}],"version-history":[{"count":1,"href":"https:\/\/corrientesdetarde.com\/index.php\/wp-json\/wp\/v2\/posts\/165035\/revisions"}],"predecessor-version":[{"id":165041,"href":"https:\/\/corrientesdetarde.com\/index.php\/wp-json\/wp\/v2\/posts\/165035\/revisions\/165041"}],"wp:featuredmedia":[{"embeddable":true,"href":"https:\/\/corrientesdetarde.com\/index.php\/wp-json\/wp\/v2\/media\/165040"}],"wp:attachment":[{"href":"https:\/\/corrientesdetarde.com\/index.php\/wp-json\/wp\/v2\/media?parent=165035"}],"wp:term":[{"taxonomy":"category","embeddable":true,"href":"https:\/\/corrientesdetarde.com\/index.php\/wp-json\/wp\/v2\/categories?post=165035"},{"taxonomy":"post_tag","embeddable":true,"href":"https:\/\/corrientesdetarde.com\/index.php\/wp-json\/wp\/v2\/tags?post=165035"}],"curies":[{"name":"wp","href":"https:\/\/api.w.org\/{rel}","templated":true}]}}