{"id":165183,"date":"2024-09-10T15:33:32","date_gmt":"2024-09-10T18:33:32","guid":{"rendered":"https:\/\/corrientesdetarde.com\/?p=165183"},"modified":"2024-09-10T15:33:37","modified_gmt":"2024-09-10T18:33:37","slug":"la-casa-rosada-asegura-que-tiene-el-respaldo-de-90-diputados-para-mantener-el-veto-a-la-reforma-jubilatoria","status":"publish","type":"post","link":"https:\/\/corrientesdetarde.com\/index.php\/nacionales\/la-casa-rosada-asegura-que-tiene-el-respaldo-de-90-diputados-para-mantener-el-veto-a-la-reforma-jubilatoria\/","title":{"rendered":"La Casa Rosada asegura que tiene el respaldo de 90 diputados para mantener el veto a la reforma jubilatoria"},"content":{"rendered":"\n<p>En Balcarce 50 afirman que tienen los apoyos suficientes para impedir que la oposici\u00f3n llegue a los dos tercios. Fuentes oficiales le contaron aque esperan fuertes disturbios en las afueras del Congreso durante la sesi\u00f3n de este mi\u00e9rcoles.<\/p>\n\n\n\n<p><strong>El\u00a0 Gobierno <\/strong><strong>conf\u00eda en sostener el veto a l<\/strong>a Reforma Jubilatoria tras la reuni\u00f3n con cinco diputados radicales en la Casa Rosada. El Ejecutivo espera fuertes disturbios en las afueras del Congreso durante la sesi\u00f3n de este mi\u00e9rcoles y prepara el operativo anti-piquete.<\/p>\n\n\n\n<p>\u201c<strong>Contamos 90 diputados a favor por el momento<\/strong>. Van a haber ausencias tambi\u00e9n, como L\u00f3pez Murphy. Entendemos que lo mantenemos\u201d, expres\u00f3<strong>\u00a0<\/strong>un funcionario. Incluyen en el poroteo a 37 diputados de Libertad Avanza, 37 del PRO, 5 radicales, 3 del MID y 3 de Independencia, entre otros.<\/p>\n\n\n\n<p><strong>Javier Milei recibi\u00f3 a Mart\u00edn Arjol, Luis Picat, Jos\u00e9 Federico Tournier, Mariano Campero y Pablo Cervi a las 10.30 en el sal\u00f3n de la Ciencia<\/strong>. Estuvieron tambi\u00e9n la secretaria general de la Presidencia, Karina Milei, el presidente de la C\u00e1mara Baja, Mart\u00edn Menem, el vicejefe de Interior, Lisandro Catal\u00e1n, y los ministros Patricia Bullrich (Seguridad) y Luis Petri (Defensa).<\/p>\n\n\n\n<p><strong>Los cinco diputados radicales comunicar\u00e1n p\u00fablicamente su apoyo al veto a la reforma jubilatoria<\/strong>&nbsp;en las pr\u00f3ximas horas. No definieron todav\u00eda qu\u00e9 har\u00e1n en Diputados: algunos quieren ausentarse de la reuni\u00f3n y otros barajan votar a favor de la medida del presidente.<\/p>\n\n\n\n<figure class=\"wp-block-image\"><img decoding=\"async\" src=\"https:\/\/tn.com.ar\/resizer\/v2\/milei-recibe-en-la-casa-rosada-a-los-diputados-radicales-que-respaldan-el-veto-a-la-reforma-jubilatoria-foto-prensa-presidencia-KMCYPFJ26BBBLBHB6DRBKJXXWI.jpeg?auth=b728d8084e9ff50c26bddbcf6efd92576ca52dc5017c23784b9fd71e3a1735c3&amp;width=767\" alt=\"Milei recibe en la Casa Rosada a los diputados radicales que respaldan el veto a la reforma jubilatoria. (Foto: Prensa Presidencia)\"\/><\/figure>\n\n\n\n<p>La Casa Rosada asegura adem\u00e1s que espera fuertes disturbios durante la sesi\u00f3n que tratar\u00e1 el veto a la reforma jubilatoria. \u201c<strong>Desde el Ministerio de Seguridad nos avisaron que identificaron un armado de protesta m\u00e1s fuerte que los previos<\/strong>\u201d, expres\u00f3 a\u00a0<strong>\u00a0<\/strong>un colaborador de Naci\u00f3n.<\/p>\n\n\n\n<p>Es por eso que reforzar\u00e1n el operativo anti-piquete y\u00a0<strong>sostienen que \u201clas fuerzas tienen la orden de actuar y avanzar contra cualquier tipo de disturbio\u201d<\/strong>.<\/p>\n\n\n\n<p>El Gobierno&nbsp;<strong>cancel\u00f3 hoy la reuni\u00f3n de la mesa chica que mantiene todos los martes<\/strong>&nbsp;previo a la de gabinete de los jueves. Un alto funcionario le manifest\u00f3 a este medio que el encuentro no pudo concretarse por agenda.<\/p>\n\n\n\n<p>Hubo un di\u00e1logo entre Bullrich, Petri y Menem, pero no participaron Karina Milei y el asesor presidencial Santiago Caputo. El jefe de gabinete,&nbsp;<strong>Guillermo Francos, contin\u00faa en reposo luego de su internaci\u00f3n por un cuadro gastrointestinal<\/strong>.<\/p>\n","protected":false},"excerpt":{"rendered":"<p>En Balcarce 50 afirman que tienen los apoyos suficientes para impedir que la oposici\u00f3n llegue a los dos tercios. Fuentes oficiales le contaron aque esperan fuertes disturbios en las afueras&hellip; <\/p>\n","protected":false},"author":8,"featured_media":165184,"comment_status":"closed","ping_status":"open","sticky":false,"template":"","format":"standard","meta":{"footnotes":""},"categories":[10],"tags":[],"class_list":["post-165183","post","type-post","status-publish","format-standard","has-post-thumbnail","hentry","category-nacionales"],"_links":{"self":[{"href":"https:\/\/corrientesdetarde.com\/index.php\/wp-json\/wp\/v2\/posts\/165183","targetHints":{"allow":["GET"]}}],"collection":[{"href":"https:\/\/corrientesdetarde.com\/index.php\/wp-json\/wp\/v2\/posts"}],"about":[{"href":"https:\/\/corrientesdetarde.com\/index.php\/wp-json\/wp\/v2\/types\/post"}],"author":[{"embeddable":true,"href":"https:\/\/corrientesdetarde.com\/index.php\/wp-json\/wp\/v2\/users\/8"}],"replies":[{"embeddable":true,"href":"https:\/\/corrientesdetarde.com\/index.php\/wp-json\/wp\/v2\/comments?post=165183"}],"version-history":[{"count":1,"href":"https:\/\/corrientesdetarde.com\/index.php\/wp-json\/wp\/v2\/posts\/165183\/revisions"}],"predecessor-version":[{"id":165185,"href":"https:\/\/corrientesdetarde.com\/index.php\/wp-json\/wp\/v2\/posts\/165183\/revisions\/165185"}],"wp:featuredmedia":[{"embeddable":true,"href":"https:\/\/corrientesdetarde.com\/index.php\/wp-json\/wp\/v2\/media\/165184"}],"wp:attachment":[{"href":"https:\/\/corrientesdetarde.com\/index.php\/wp-json\/wp\/v2\/media?parent=165183"}],"wp:term":[{"taxonomy":"category","embeddable":true,"href":"https:\/\/corrientesdetarde.com\/index.php\/wp-json\/wp\/v2\/categories?post=165183"},{"taxonomy":"post_tag","embeddable":true,"href":"https:\/\/corrientesdetarde.com\/index.php\/wp-json\/wp\/v2\/tags?post=165183"}],"curies":[{"name":"wp","href":"https:\/\/api.w.org\/{rel}","templated":true}]}}