{"id":165279,"date":"2024-09-10T23:13:13","date_gmt":"2024-09-11T02:13:13","guid":{"rendered":"https:\/\/corrientesdetarde.com\/?p=165279"},"modified":"2024-09-10T23:13:18","modified_gmt":"2024-09-11T02:13:18","slug":"kamala-harris-y-donald-trump-se-miden-cara-a-cara-en-su-primer-debate-presidencial","status":"publish","type":"post","link":"https:\/\/corrientesdetarde.com\/index.php\/internacionales\/kamala-harris-y-donald-trump-se-miden-cara-a-cara-en-su-primer-debate-presidencial\/","title":{"rendered":"Kamala Harris y Donald Trump se miden cara a cara en su primer debate presidencial"},"content":{"rendered":"\n<p>La vicepresidenta y el ex mandatario se ver\u00e1n este martes en Filadelfia.<\/p>\n\n\n\n<p>La vicepresidenta y candidata dem\u00f3crata a la Casa Blanca,&nbsp;<strong>Kamala Harris<\/strong>, y el ex mandatario y aspirante republicano<strong>&nbsp;Donald Trump<\/strong>&nbsp;<strong>se medir\u00e1n este martes en un debate&nbsp;<\/strong>que ser\u00e1 crucial de cara a las elecciones presidenciales en los Estados Unidos que se celebrar\u00e1n el pr\u00f3ximo 5 de noviembre.<\/p>\n\n\n\n<p>El debate entre Harris y Trump se realizar\u00e1&nbsp;<strong>en Filadelfia<\/strong>, estado de Pensilvania a partir de las 21:00 de los Estados Unidos.<\/p>\n\n\n\n<p><strong>Ser\u00e1 el primer enfrentamiento cara a cara entre ambos aspirantes a la Casa Blanca<\/strong>&nbsp;luego de que Harris asumiera la candidatura dem\u00f3crata en reemplazo del presidente Joe Biden.<\/p>\n\n\n\n<p>Por su parte,&nbsp;<strong>Trump llega en medio de un tenso clima pol\u00edtico que incluy\u00f3 un intento de asesinato mientras realizaba un acto de campa\u00f1a en Pensilvania<\/strong>&nbsp;y tratar\u00e1 de acceder a un segundo per\u00edodo al frente del gobierno estadounidense (2017 y 2021).&nbsp;<\/p>\n\n\n\n<p><strong>Harris perfeccion\u00f3 un enfoque agresivo, pero calibrado en los debates:<\/strong>&nbsp;intenta combinar los chistes con detalles que formen una narrativa m\u00e1s amplia, seg\u00fan un an\u00e1lisis de la agencia de noticias Associated Press.<\/p>\n\n\n\n<p><strong>Ella puede mover la cabeza para se\u00f1alar su desaprobaci\u00f3n mientras su oponente habla,<\/strong>&nbsp;contando con que los espectadores vean su reacci\u00f3n en una pantalla dividida.<\/p>\n\n\n\n<p>Y tiene una t\u00e1ctica a la que recurre para volver a inclinar los debates a su favor:&nbsp;<strong>decir que est\u00e1 contenta de responder una pregunta&nbsp;<\/strong>mientras ordena sus pensamientos para explicar una postura que est\u00e1 cambiando o defender una del pasado.<\/p>\n\n\n\n<p>Los aliados de Harris advierten que&nbsp;<strong>Trump puede ser un oponente desafiante e impredecible&nbsp;<\/strong>que oscila entre cr\u00edticas pol\u00edticas, ataques personales y falsedades o teor\u00edas conspirativas.<\/p>\n\n\n\n<p>A pesar de toda la experiencia de Harris en debates, el martes sigue siendo un escenario nuevo y de gran magnitud.<\/p>\n\n\n\n<p>El debate se podr\u00e1 ver en Am\u00e9rica Latina en vivo y con traducci\u00f3n en simult\u00e1neo a trav\u00e9s de DNEWS, la primera se\u00f1al de noticias de Latinoam\u00e9rica para Latinoam\u00e9rica.<\/p>\n\n\n\n<p><strong>La transmisi\u00f3n ser\u00e1 a las 22:00 (hora de la Argentina, Chile y Uruguay)<\/strong>&nbsp;y 20:00 (hora de Colombia, Ecuador y Per\u00fa), y se podr\u00e1 acceder a trav\u00e9s de los canales 700 y 1700 HD del servicio de TV satelital DIRECTV y de la plataforma de TV en vivo y streaming DGO.<\/p>\n","protected":false},"excerpt":{"rendered":"<p>La vicepresidenta y el ex mandatario se ver\u00e1n este martes en Filadelfia. La vicepresidenta y candidata dem\u00f3crata a la Casa Blanca,&nbsp;Kamala Harris, y el ex mandatario y aspirante republicano&nbsp;Donald Trump&nbsp;se&hellip; <\/p>\n","protected":false},"author":4,"featured_media":165280,"comment_status":"closed","ping_status":"open","sticky":false,"template":"","format":"standard","meta":{"footnotes":""},"categories":[11],"tags":[],"class_list":["post-165279","post","type-post","status-publish","format-standard","has-post-thumbnail","hentry","category-internacionales"],"_links":{"self":[{"href":"https:\/\/corrientesdetarde.com\/index.php\/wp-json\/wp\/v2\/posts\/165279","targetHints":{"allow":["GET"]}}],"collection":[{"href":"https:\/\/corrientesdetarde.com\/index.php\/wp-json\/wp\/v2\/posts"}],"about":[{"href":"https:\/\/corrientesdetarde.com\/index.php\/wp-json\/wp\/v2\/types\/post"}],"author":[{"embeddable":true,"href":"https:\/\/corrientesdetarde.com\/index.php\/wp-json\/wp\/v2\/users\/4"}],"replies":[{"embeddable":true,"href":"https:\/\/corrientesdetarde.com\/index.php\/wp-json\/wp\/v2\/comments?post=165279"}],"version-history":[{"count":1,"href":"https:\/\/corrientesdetarde.com\/index.php\/wp-json\/wp\/v2\/posts\/165279\/revisions"}],"predecessor-version":[{"id":165281,"href":"https:\/\/corrientesdetarde.com\/index.php\/wp-json\/wp\/v2\/posts\/165279\/revisions\/165281"}],"wp:featuredmedia":[{"embeddable":true,"href":"https:\/\/corrientesdetarde.com\/index.php\/wp-json\/wp\/v2\/media\/165280"}],"wp:attachment":[{"href":"https:\/\/corrientesdetarde.com\/index.php\/wp-json\/wp\/v2\/media?parent=165279"}],"wp:term":[{"taxonomy":"category","embeddable":true,"href":"https:\/\/corrientesdetarde.com\/index.php\/wp-json\/wp\/v2\/categories?post=165279"},{"taxonomy":"post_tag","embeddable":true,"href":"https:\/\/corrientesdetarde.com\/index.php\/wp-json\/wp\/v2\/tags?post=165279"}],"curies":[{"name":"wp","href":"https:\/\/api.w.org\/{rel}","templated":true}]}}