{"id":165285,"date":"2024-09-11T00:02:12","date_gmt":"2024-09-11T03:02:12","guid":{"rendered":"https:\/\/corrientesdetarde.com\/?p=165285"},"modified":"2024-09-11T00:02:24","modified_gmt":"2024-09-11T03:02:24","slug":"scaloni-contundente-contra-el-arbitraje-el-y-los-cinco-del-var-vieron-penal-el-resto-no","status":"publish","type":"post","link":"https:\/\/corrientesdetarde.com\/index.php\/deportes\/scaloni-contundente-contra-el-arbitraje-el-y-los-cinco-del-var-vieron-penal-el-resto-no\/","title":{"rendered":"Scaloni contundente contra el arbitraje: \u201c\u00c9l y los cinco del VAR vieron penal, el resto no\u201d"},"content":{"rendered":"\n<p>El DT de Argentina se lo vio molesto en las declaraciones luego de la derrota ante los colombianos.<\/p>\n\n\n\n<p>El entrenador de la Selecci\u00f3n argentina,<strong>&nbsp;Lionel Scaloni<\/strong>, mostr\u00f3 su enojo con el pol\u00e9mico arbitraje del chileno&nbsp;<strong>Piero Maza<\/strong>&nbsp;luego de la derrota, de este martes, ante Colombia por la octava fecha de las&nbsp;<strong>Eliminatorias Sudamericanas<\/strong>.<\/p>\n\n\n\n<p>En la conferencia de prensa posterior al encuentro ante los colombianos, el DT argentino no pudo ocultar su descontento y sostuvo que las decisiones tomadas por los jueces fueron decisivas para el resultado final de 2-1.<\/p>\n\n\n\n<p>&#8220;Cuando un partido es tan igualado, a veces se define en este tipo de jugadas y eso fue lo que pas\u00f3. Ese penal decidi\u00f3 el partido.<strong>&nbsp;\u00c9l y los cinco del VAR vieron penal, el resto no<\/strong>. Lo que hizo Mu\u00f1oz te dice todo, \u00e9l no protesta en ning\u00fan momento. No hay que darle mucha vuelta.&nbsp;<strong>S\u00ed es cierto que condicion\u00f3 el partido<\/strong>. A nivel psicol\u00f3gico a ellos les dio un empuj\u00f3n y a nosotros nos puso nerviosos&#8221;, sentenci\u00f3.<\/p>\n\n\n\n<p>Y continu\u00f3:&nbsp;<strong>\u201cEl \u00e1rbitro tiene que ver la imagen entera y a partir de ah\u00ed decidir.<\/strong>&nbsp;Pero le ponen en la televisi\u00f3n que aparentemente hay un toque. Son cosas que yo no voy a cambiar, pero creo que es algo a mejorar.&nbsp;<strong>Parece que te llaman y lo ten\u00e9s que cobrar&#8221;<\/strong>.<\/p>\n\n\n\n<p>Por otro lado, tambi\u00e9n analiz\u00f3 el desarrollo del partido y valor\u00f3 el esfuerzo de sus dirigidos pese a las adversidades del encuentro.<\/p>\n\n\n\n<p>&#8220;Tengo que felicitar a Colombia, que gan\u00f3.&nbsp;<strong>Nosotros creo que hicimos un buen partido, acorde con las circunstancias que vinimos a jugar.<\/strong>&nbsp;Hay que levantar la cabeza, como siempre decimos, y seguir. La l\u00ednea del equipo fue positiva m\u00e1s all\u00e1 de la derrota.&nbsp;<strong>Dimos la cara en todo momento<\/strong>, pudimos incluso ganarlo, pero lleg\u00f3 la jugada del penal y a partir de ah\u00ed se jug\u00f3 muy poco\u201d asever\u00f3.<\/p>\n\n\n\n<p>\u201cA veces te toca para un lado y a veces para el otro.&nbsp;<strong>Es triste y lamentable que despu\u00e9s del penal el partido pr\u00e1cticamente no se jug\u00f3<\/strong>, eso fue lo que me molest\u00f3&#8221;, agreg\u00f3.<\/p>\n\n\n\n<p>Asimismo, el oriundo de Pujato habl\u00f3 sobre la pol\u00e9mica jugada entre el arquero colombiano Camilo Vargas y Juli\u00e1n \u00c1lvarez, que pudo haber terminado en penal para Argentina.<\/p>\n\n\n\n<p>\u201cEn cuanto a la jugada de Juli\u00e1n, tiene un pisot\u00f3n enorme.&nbsp;<strong>Yo no veo falta de Juli\u00e1n<\/strong>, pero el \u00e1rbitro lo cobr\u00f3 y se termin\u00f3 la jugada ah\u00ed. Hay que agachar la cabeza, seguir para adelante porque tambi\u00e9n,&nbsp;<strong>si dec\u00eds una palabra de m\u00e1s, te sancionan, as\u00ed que lo dejamos ah\u00ed&#8221;<\/strong>, exclam\u00f3.<\/p>\n\n\n\n<p>Por \u00faltimo, hizo referencia al extra\u00f1o horario en el que se llev\u00f3 a cabo el encuentro, adem\u00e1s de las altas temperaturas del pa\u00eds colombiano.<\/p>\n\n\n\n<p><strong>\u201cEse horario no es para un espect\u00e1culo<\/strong>. Se puede jugar a las 5, 6 o 7 de la tarde. No me parece sano para que los futbolistas desarrollen su potencial. No es una excusa. Los que deciden el horario habr\u00e1n decidido esto&#8221;, concluy\u00f3.<\/p>\n","protected":false},"excerpt":{"rendered":"<p>El DT de Argentina se lo vio molesto en las declaraciones luego de la derrota ante los colombianos. El entrenador de la Selecci\u00f3n argentina,&nbsp;Lionel Scaloni, mostr\u00f3 su enojo con el&hellip; <\/p>\n","protected":false},"author":4,"featured_media":165286,"comment_status":"closed","ping_status":"open","sticky":false,"template":"","format":"standard","meta":{"footnotes":""},"categories":[4],"tags":[],"class_list":["post-165285","post","type-post","status-publish","format-standard","has-post-thumbnail","hentry","category-deportes"],"_links":{"self":[{"href":"https:\/\/corrientesdetarde.com\/index.php\/wp-json\/wp\/v2\/posts\/165285","targetHints":{"allow":["GET"]}}],"collection":[{"href":"https:\/\/corrientesdetarde.com\/index.php\/wp-json\/wp\/v2\/posts"}],"about":[{"href":"https:\/\/corrientesdetarde.com\/index.php\/wp-json\/wp\/v2\/types\/post"}],"author":[{"embeddable":true,"href":"https:\/\/corrientesdetarde.com\/index.php\/wp-json\/wp\/v2\/users\/4"}],"replies":[{"embeddable":true,"href":"https:\/\/corrientesdetarde.com\/index.php\/wp-json\/wp\/v2\/comments?post=165285"}],"version-history":[{"count":1,"href":"https:\/\/corrientesdetarde.com\/index.php\/wp-json\/wp\/v2\/posts\/165285\/revisions"}],"predecessor-version":[{"id":165287,"href":"https:\/\/corrientesdetarde.com\/index.php\/wp-json\/wp\/v2\/posts\/165285\/revisions\/165287"}],"wp:featuredmedia":[{"embeddable":true,"href":"https:\/\/corrientesdetarde.com\/index.php\/wp-json\/wp\/v2\/media\/165286"}],"wp:attachment":[{"href":"https:\/\/corrientesdetarde.com\/index.php\/wp-json\/wp\/v2\/media?parent=165285"}],"wp:term":[{"taxonomy":"category","embeddable":true,"href":"https:\/\/corrientesdetarde.com\/index.php\/wp-json\/wp\/v2\/categories?post=165285"},{"taxonomy":"post_tag","embeddable":true,"href":"https:\/\/corrientesdetarde.com\/index.php\/wp-json\/wp\/v2\/tags?post=165285"}],"curies":[{"name":"wp","href":"https:\/\/api.w.org\/{rel}","templated":true}]}}