{"id":165297,"date":"2024-09-11T02:28:38","date_gmt":"2024-09-11T05:28:38","guid":{"rendered":"https:\/\/corrientesdetarde.com\/?p=165297"},"modified":"2024-09-11T02:29:03","modified_gmt":"2024-09-11T05:29:03","slug":"juegos-correntinos-2024-con-gran-participacion-se-desarrollaron-los-provinciales-de-voley-tenis-de-mesa-y-badminton","status":"publish","type":"post","link":"https:\/\/corrientesdetarde.com\/index.php\/deportes\/juegos-correntinos-2024-con-gran-participacion-se-desarrollaron-los-provinciales-de-voley-tenis-de-mesa-y-badminton\/","title":{"rendered":"\u201cJuegos Correntinos 2024\u201d: Con gran participaci\u00f3n se desarrollaron los provinciales de v\u00f3ley, tenis de mesa y b\u00e1dminton"},"content":{"rendered":"\n<p><strong>La Secretar\u00eda de Deportes de la Provincia complet\u00f3 este martes una nueva etapa clasificatoria Provincial de los \u201cJuegos Correntinos 2024\u201d. Con equipos de capital y del interior, se jug\u00f3 al v\u00f3ley, tenis de mesa y b\u00e1dminton. Los ganadores lograron el pasaporte a los Nacionales de Mar del Plata.<\/strong><\/p>\n\n\n\n<p><\/p>\n\n\n\n<figure class=\"wp-block-image size-large\"><img loading=\"lazy\" decoding=\"async\" width=\"1024\" height=\"685\" src=\"https:\/\/corrientesdetarde.com\/wp-content\/uploads\/2024\/09\/Captura-de-pantalla-2024-09-11-022442-1024x685.png\" alt=\"\" class=\"wp-image-165299\" srcset=\"https:\/\/corrientesdetarde.com\/wp-content\/uploads\/2024\/09\/Captura-de-pantalla-2024-09-11-022442-1024x685.png 1024w, https:\/\/corrientesdetarde.com\/wp-content\/uploads\/2024\/09\/Captura-de-pantalla-2024-09-11-022442-300x201.png 300w, https:\/\/corrientesdetarde.com\/wp-content\/uploads\/2024\/09\/Captura-de-pantalla-2024-09-11-022442-768x514.png 768w, https:\/\/corrientesdetarde.com\/wp-content\/uploads\/2024\/09\/Captura-de-pantalla-2024-09-11-022442.png 1349w\" sizes=\"auto, (max-width: 1024px) 100vw, 1024px\" \/><\/figure>\n\n\n\n<p>Con arribo a la ciudad de Corrientes el lunes pasado y el conjunto de competencia disputado este martes, m\u00e1s de 200 j\u00f3venes de la categor\u00eda Sub16 completaron sus respectivos provinciales clasificatorios en tres disciplinas: v\u00f3ley, tenis de mesa y b\u00e1dminton (femenino y masculino). \u00a0<\/p>\n\n\n\n<figure class=\"wp-block-image size-large\"><img loading=\"lazy\" decoding=\"async\" width=\"1024\" height=\"685\" src=\"https:\/\/corrientesdetarde.com\/wp-content\/uploads\/2024\/09\/image-357-1024x685.png\" alt=\"\" class=\"wp-image-165301\" srcset=\"https:\/\/corrientesdetarde.com\/wp-content\/uploads\/2024\/09\/image-357-1024x685.png 1024w, https:\/\/corrientesdetarde.com\/wp-content\/uploads\/2024\/09\/image-357-300x201.png 300w, https:\/\/corrientesdetarde.com\/wp-content\/uploads\/2024\/09\/image-357-768x514.png 768w, https:\/\/corrientesdetarde.com\/wp-content\/uploads\/2024\/09\/image-357.png 1348w\" sizes=\"auto, (max-width: 1024px) 100vw, 1024px\" \/><\/figure>\n\n\n\n<p>En v\u00f3ley masculino jugaron equipos de: Santa Luc\u00eda, Curuz\u00fa Cuati\u00e1, Virasoro, San Miguel, San Roque y Capital. V\u00f3ley femenino: Goya, Monte Caseros, Virasoro, San Miguel, San Roque y Capital.<\/p>\n\n\n\n<figure class=\"wp-block-image size-large\"><img loading=\"lazy\" decoding=\"async\" width=\"1024\" height=\"666\" src=\"https:\/\/corrientesdetarde.com\/wp-content\/uploads\/2024\/09\/image-359-1024x666.png\" alt=\"\" class=\"wp-image-165303\" srcset=\"https:\/\/corrientesdetarde.com\/wp-content\/uploads\/2024\/09\/image-359-1024x666.png 1024w, https:\/\/corrientesdetarde.com\/wp-content\/uploads\/2024\/09\/image-359-300x195.png 300w, https:\/\/corrientesdetarde.com\/wp-content\/uploads\/2024\/09\/image-359-768x499.png 768w, https:\/\/corrientesdetarde.com\/wp-content\/uploads\/2024\/09\/image-359.png 1337w\" sizes=\"auto, (max-width: 1024px) 100vw, 1024px\" \/><\/figure>\n\n\n\n<p>B\u00e1dminton: Virasoro, Ituzaing\u00f3, Tatacu\u00e1 y Tabay. Tenis de Mesa: Bella Vista, Monte Caseros, Virasoro, Mercedes, Lomas de Vallejos, Ituzaing\u00f3, Saladas, San Luis del Palmar y Capital. &nbsp;<\/p>\n\n\n\n<p>En ese contexto, el Secretario de Deportes Jorge Terrile valor\u00f3 la realizaci\u00f3n de estos provinciales y la fuerte inversi\u00f3n presupuestaria del Gobierno de la Provincia con delegaciones que llegaron de distintos puntos del territorio.<\/p>\n\n\n\n<p>\u201cNuestros j\u00f3venes atletas est\u00e1n jugando y divirti\u00e9ndose sanamente. Estos provinciales y la realizaci\u00f3n en general de los \u201cJuegos Correntinos\u201d, dejan en claro que, para la gesti\u00f3n del Gobernador Gustavo Vald\u00e9s, el Deporte es Pol\u00edtica de Estado\u201d.<\/p>\n\n\n\n<figure class=\"wp-block-image size-large\"><img loading=\"lazy\" decoding=\"async\" width=\"1024\" height=\"662\" src=\"https:\/\/corrientesdetarde.com\/wp-content\/uploads\/2024\/09\/image-358-1024x662.png\" alt=\"\" class=\"wp-image-165302\" srcset=\"https:\/\/corrientesdetarde.com\/wp-content\/uploads\/2024\/09\/image-358-1024x662.png 1024w, https:\/\/corrientesdetarde.com\/wp-content\/uploads\/2024\/09\/image-358-300x194.png 300w, https:\/\/corrientesdetarde.com\/wp-content\/uploads\/2024\/09\/image-358-768x497.png 768w, https:\/\/corrientesdetarde.com\/wp-content\/uploads\/2024\/09\/image-358.png 1338w\" sizes=\"auto, (max-width: 1024px) 100vw, 1024px\" \/><\/figure>\n\n\n\n<p>\u201cEstamos muy contentos porque los provinciales se vienen desarrollando muy bien y seg\u00fan los plazos establecidos para conformar el contingente correntino que estar\u00e1 en los Nacionales de Mar del Plata\u201d, asegur\u00f3 Jorge Terrile.&nbsp;<\/p>\n\n\n\n<p>Cabe recordar que la Secretar\u00eda de Deportes ya concret\u00f3 los clasificatorios en levantamiento ol\u00edmpico de pesas, boxeo, gimnasia art\u00edstica, futsal, tenis, b\u00e1dminton, v\u00f3ley y tenis de mesa.\u00a0<\/p>\n\n\n\n<figure class=\"wp-block-image size-large\"><img loading=\"lazy\" decoding=\"async\" width=\"1024\" height=\"683\" src=\"https:\/\/corrientesdetarde.com\/wp-content\/uploads\/2024\/09\/image-360-1024x683.png\" alt=\"\" class=\"wp-image-165304\" srcset=\"https:\/\/corrientesdetarde.com\/wp-content\/uploads\/2024\/09\/image-360-1024x683.png 1024w, https:\/\/corrientesdetarde.com\/wp-content\/uploads\/2024\/09\/image-360-300x200.png 300w, https:\/\/corrientesdetarde.com\/wp-content\/uploads\/2024\/09\/image-360-768x512.png 768w, https:\/\/corrientesdetarde.com\/wp-content\/uploads\/2024\/09\/image-360.png 1360w\" sizes=\"auto, (max-width: 1024px) 100vw, 1024px\" \/><\/figure>\n\n\n\n<figure class=\"wp-block-image size-large\"><img loading=\"lazy\" decoding=\"async\" width=\"1024\" height=\"679\" src=\"https:\/\/corrientesdetarde.com\/wp-content\/uploads\/2024\/09\/image-361-1024x679.png\" alt=\"\" class=\"wp-image-165305\" srcset=\"https:\/\/corrientesdetarde.com\/wp-content\/uploads\/2024\/09\/image-361-1024x679.png 1024w, https:\/\/corrientesdetarde.com\/wp-content\/uploads\/2024\/09\/image-361-300x199.png 300w, https:\/\/corrientesdetarde.com\/wp-content\/uploads\/2024\/09\/image-361-768x509.png 768w, https:\/\/corrientesdetarde.com\/wp-content\/uploads\/2024\/09\/image-361.png 1364w\" sizes=\"auto, (max-width: 1024px) 100vw, 1024px\" \/><\/figure>\n","protected":false},"excerpt":{"rendered":"<p>La Secretar\u00eda de Deportes de la Provincia complet\u00f3 este martes una nueva etapa clasificatoria Provincial de los \u201cJuegos Correntinos 2024\u201d. Con equipos de capital y del interior, se jug\u00f3 al&hellip; <\/p>\n","protected":false},"author":4,"featured_media":165298,"comment_status":"closed","ping_status":"open","sticky":false,"template":"","format":"standard","meta":{"footnotes":""},"categories":[4,8],"tags":[],"class_list":["post-165297","post","type-post","status-publish","format-standard","has-post-thumbnail","hentry","category-deportes","category-locales"],"_links":{"self":[{"href":"https:\/\/corrientesdetarde.com\/index.php\/wp-json\/wp\/v2\/posts\/165297","targetHints":{"allow":["GET"]}}],"collection":[{"href":"https:\/\/corrientesdetarde.com\/index.php\/wp-json\/wp\/v2\/posts"}],"about":[{"href":"https:\/\/corrientesdetarde.com\/index.php\/wp-json\/wp\/v2\/types\/post"}],"author":[{"embeddable":true,"href":"https:\/\/corrientesdetarde.com\/index.php\/wp-json\/wp\/v2\/users\/4"}],"replies":[{"embeddable":true,"href":"https:\/\/corrientesdetarde.com\/index.php\/wp-json\/wp\/v2\/comments?post=165297"}],"version-history":[{"count":2,"href":"https:\/\/corrientesdetarde.com\/index.php\/wp-json\/wp\/v2\/posts\/165297\/revisions"}],"predecessor-version":[{"id":165308,"href":"https:\/\/corrientesdetarde.com\/index.php\/wp-json\/wp\/v2\/posts\/165297\/revisions\/165308"}],"wp:featuredmedia":[{"embeddable":true,"href":"https:\/\/corrientesdetarde.com\/index.php\/wp-json\/wp\/v2\/media\/165298"}],"wp:attachment":[{"href":"https:\/\/corrientesdetarde.com\/index.php\/wp-json\/wp\/v2\/media?parent=165297"}],"wp:term":[{"taxonomy":"category","embeddable":true,"href":"https:\/\/corrientesdetarde.com\/index.php\/wp-json\/wp\/v2\/categories?post=165297"},{"taxonomy":"post_tag","embeddable":true,"href":"https:\/\/corrientesdetarde.com\/index.php\/wp-json\/wp\/v2\/tags?post=165297"}],"curies":[{"name":"wp","href":"https:\/\/api.w.org\/{rel}","templated":true}]}}